{"id":117473,"date":"2024-02-08T22:50:50","date_gmt":"2024-02-09T01:50:50","guid":{"rendered":"https:\/\/www.locoxelrojo.com\/independiente\/?p=117473"},"modified":"2024-02-09T02:44:12","modified_gmt":"2024-02-09T05:44:12","slug":"parte-medico-de-damian-perez","status":"publish","type":"post","link":"https:\/\/www.locoxelrojo.com\/independiente\/2024\/02\/08\/parte-medico-de-damian-perez\/","title":{"rendered":"Parte m\u00e9dico de Dami\u00e1n P\u00e9rez"},"content":{"rendered":"<p><strong>Dami\u00e1n P\u00e9rez<\/strong> sali\u00f3 de la cancha a los 5 minutos del partido <a href=\"https:\/\/www.locoxelrojo.com\/independiente\/2024\/02\/08\/dejo-puntos-en-el-camino\/\">en el empate 0-0 de Independiente frente a Hurac\u00e1n<\/a>, por la fecha 4 de la Copa de la Liga.<\/p>\n<p><strong>El lateral izquierdo sufri\u00f3 un tremendo golpe que le impidi\u00f3 seguir tras un codazo en la boca de Lucas Souto.<\/strong> El jugador del Globo recibi\u00f3 la tarjeta amarilla, pero luego de una r\u00e1pida revisi\u00f3n del VAR, el \u00e1rbitro Nicol\u00e1s Ram\u00edrez la cambi\u00f3 por la roja directa, que dej\u00f3 a Hurac\u00e1n con 10 jugadores.<\/p>\n<blockquote class=\"twitter-tweet\">\n<p dir=\"ltr\" lang=\"es\">Dami\u00e1n P\u00e9rez no pudo seguir en partido: ingres\u00f3 Sporle.<\/p>\n<p> ESPN Premium | Suscribite al Pack F\u00fatbol en <a href=\"https:\/\/t.co\/7jYILYACXi\">https:\/\/t.co\/7jYILYACXi<\/a> <a href=\"https:\/\/t.co\/VALmGgGOmN\">pic.twitter.com\/VALmGgGOmN<\/a><\/p>\n<p>\u2014 SportsCenter (@SC_ESPN) <a href=\"https:\/\/twitter.com\/SC_ESPN\/status\/1755749555432235064?ref_src=twsrc%5Etfw\">February 9, 2024<\/a><\/p><\/blockquote>\n<p><script async src=\"https:\/\/platform.twitter.com\/widgets.js\" charset=\"utf-8\"><\/script><\/p>\n<p>Al finalizar el partido se dio a conocer el parte m\u00e9dico. <strong>P\u00e9rez recibi\u00f3 una contusi\u00f3n en labio inferior, que deriv\u00f3 en un corte y 7 puntos de sutura. Tambi\u00e9n, el hundimiento de 3 piezas dentales.<\/strong><\/p>\n","protected":false},"excerpt":{"rendered":"<p>Dami\u00e1n P\u00e9rez sali\u00f3 de la cancha a los 5 minutos del partido en el empate 0-0 de Independiente frente a Hurac\u00e1n, por la fecha 4 de la Copa de la Liga. El lateral izquierdo sufri\u00f3 un tremendo golpe que le impidi\u00f3 seguir tras un codazo en la boca de Lucas Souto. El jugador del Globo [&hellip;]<\/p>\n","protected":false},"author":101035,"featured_media":117474,"comment_status":"open","ping_status":"closed","sticky":false,"template":"","format":"standard","meta":{"_links_to":"","_links_to_target":""},"categories":[3247,3],"tags":[153,5550,5324,310],"_links":{"self":[{"href":"https:\/\/www.locoxelrojo.com\/independiente\/wp-json\/wp\/v2\/posts\/117473"}],"collection":[{"href":"https:\/\/www.locoxelrojo.com\/independiente\/wp-json\/wp\/v2\/posts"}],"about":[{"href":"https:\/\/www.locoxelrojo.com\/independiente\/wp-json\/wp\/v2\/types\/post"}],"author":[{"embeddable":true,"href":"https:\/\/www.locoxelrojo.com\/independiente\/wp-json\/wp\/v2\/users\/101035"}],"replies":[{"embeddable":true,"href":"https:\/\/www.locoxelrojo.com\/independiente\/wp-json\/wp\/v2\/comments?post=117473"}],"version-history":[{"count":1,"href":"https:\/\/www.locoxelrojo.com\/independiente\/wp-json\/wp\/v2\/posts\/117473\/revisions"}],"predecessor-version":[{"id":117475,"href":"https:\/\/www.locoxelrojo.com\/independiente\/wp-json\/wp\/v2\/posts\/117473\/revisions\/117475"}],"wp:featuredmedia":[{"embeddable":true,"href":"https:\/\/www.locoxelrojo.com\/independiente\/wp-json\/wp\/v2\/media\/117474"}],"wp:attachment":[{"href":"https:\/\/www.locoxelrojo.com\/independiente\/wp-json\/wp\/v2\/media?parent=117473"}],"wp:term":[{"taxonomy":"category","embeddable":true,"href":"https:\/\/www.locoxelrojo.com\/independiente\/wp-json\/wp\/v2\/categories?post=117473"},{"taxonomy":"post_tag","embeddable":true,"href":"https:\/\/www.locoxelrojo.com\/independiente\/wp-json\/wp\/v2\/tags?post=117473"}],"curies":[{"name":"wp","href":"https:\/\/api.w.org\/{rel}","templated":true}]}}