{"id":11762,"date":"2011-10-10T23:15:56","date_gmt":"2011-10-11T02:15:56","guid":{"rendered":"http:\/\/www.locoxelrojo.com.ar\/independiente\/?p=11762"},"modified":"2011-10-10T23:17:51","modified_gmt":"2011-10-11T02:17:51","slug":"fredes-es-una-cuestion-de-confianza","status":"publish","type":"post","link":"https:\/\/www.locoxelrojo.com\/independiente\/2011\/10\/10\/fredes-es-una-cuestion-de-confianza\/","title":{"rendered":"Fredes: &#8220;Es una cuesti\u00f3n de confianza&#8221;"},"content":{"rendered":"<p><a href=\"http:\/\/www.locoxelrojo.com.ar\/independiente\/wp-content\/uploads\/2011\/10\/hernan_Fredes1.jpg\"><img loading=\"lazy\" src=\"http:\/\/www.locoxelrojo.com.ar\/independiente\/wp-content\/uploads\/2011\/10\/hernan_Fredes1.jpg\" alt=\"\" title=\"hernan_Fredes\" width=\"590\" height=\"315\" class=\"alignnone size-full wp-image-11766\" srcset=\"https:\/\/locoxelrojo.com\/independiente\/wp-content\/uploads\/2011\/10\/hernan_Fredes1.jpg 590w, https:\/\/locoxelrojo.com\/independiente\/wp-content\/uploads\/2011\/10\/hernan_Fredes1-300x160.jpg 300w\" sizes=\"(max-width: 590px) 100vw, 590px\" \/><\/a><\/p>\n<p><strong>Hernan Fredes <\/strong>dialog\u00f3 con <strong>Mundo Rojo por Radio la Red <\/strong>y se refiri\u00f3 a su momento personal luego de la lesi\u00f3n. Adem\u00e1s,se refiri\u00f3 al promedio y a la relaci\u00f3n de Ram\u00f3n D\u00edaz con el plantel.<\/p>\n<p><strong>&#8220;No vivimos pensando en el promedio, tratamos de jugar el partido a partido. No nos damos cuenta que perdimos puntos importantes que vamos a sufrir&#8221;<\/strong>, asegur\u00f3.<\/p>\n<p>Luego, a\u00f1adi\u00f3: <strong>&#8220;sabemos lo que jugamos y lo que viene, pero para salir hay que sumar. Es una cuesti\u00f3n de confianza. Hay que empezar a ganar partidos para que cambie el autoestima y se vuelva positiva&#8221;.<br \/>\n<\/strong><\/p>\n<p>Respecto a su lesi\u00f3n, Fredes coment\u00f3: <strong>&#8220;Al querer volver apur\u00e9 las cosas pero yo me sent\u00eda bien y hab\u00eda tenido un reducido b\u00e1rbaro. Me cuid\u00e9 una pierna y se lesion\u00f3 la otra pero la experiencia vale&#8221;.<br \/>\n<\/strong><\/p>\n<p>El diestro trabaja sobre lo f\u00edsico considerando que hace 40 d\u00edas no trabajaba con pelota. <strong>&#8220;Lo f\u00edsico est\u00e1 duro pero Ram\u00f3n quiere a todos al pie del ca\u00f1\u00f3n y me pidi\u00f3 que me recupere porque me necesita&#8221;<\/strong>, manifest\u00f3.<\/p>\n<p>Por \u00faltimo, se refiri\u00f3 a su posici\u00f3n dentro del campo de juego &#8220;<strong>Yo me siento c\u00f3modo de doble 5 porque tengo panorama y visi\u00f3n para manejar la pelota. De volante derecho, en cambio, no se vio mi mejor rendimiento&#8221;<\/strong>. Adem\u00e0s, explic\u00f3 porque se qued\u00f3 en el club. <strong>&#8220;Somos chicos y estamos creciendo, la oportunidad de hacer plata la vamos a tener; yo prioric\u00e8 las copas y renov\u00e9 15 d\u00edas despu\u00e9s de quedar libre porque soy hincha como toda mi familia&#8221;.<\/strong><\/p>\n","protected":false},"excerpt":{"rendered":"<p>Hernan Fredes dialog\u00f3 con Mundo Rojo por Radio la Red y se refiri\u00f3 a su momento personal luego de la lesi\u00f3n. Adem\u00e1s,se refiri\u00f3 al promedio y a la relaci\u00f3n de Ram\u00f3n D\u00edaz con el plantel. &#8220;No vivimos pensando en el promedio, tratamos de jugar el partido a partido. No nos damos cuenta que perdimos puntos [&hellip;]<\/p>\n","protected":false},"author":1,"featured_media":0,"comment_status":"open","ping_status":"open","sticky":false,"template":"","format":"standard","meta":{"_links_to":"","_links_to_target":""},"categories":[7,3,1],"tags":[153,3266,71,500,974],"_links":{"self":[{"href":"https:\/\/www.locoxelrojo.com\/independiente\/wp-json\/wp\/v2\/posts\/11762"}],"collection":[{"href":"https:\/\/www.locoxelrojo.com\/independiente\/wp-json\/wp\/v2\/posts"}],"about":[{"href":"https:\/\/www.locoxelrojo.com\/independiente\/wp-json\/wp\/v2\/types\/post"}],"author":[{"embeddable":true,"href":"https:\/\/www.locoxelrojo.com\/independiente\/wp-json\/wp\/v2\/users\/1"}],"replies":[{"embeddable":true,"href":"https:\/\/www.locoxelrojo.com\/independiente\/wp-json\/wp\/v2\/comments?post=11762"}],"version-history":[{"count":0,"href":"https:\/\/www.locoxelrojo.com\/independiente\/wp-json\/wp\/v2\/posts\/11762\/revisions"}],"wp:attachment":[{"href":"https:\/\/www.locoxelrojo.com\/independiente\/wp-json\/wp\/v2\/media?parent=11762"}],"wp:term":[{"taxonomy":"category","embeddable":true,"href":"https:\/\/www.locoxelrojo.com\/independiente\/wp-json\/wp\/v2\/categories?post=11762"},{"taxonomy":"post_tag","embeddable":true,"href":"https:\/\/www.locoxelrojo.com\/independiente\/wp-json\/wp\/v2\/tags?post=11762"}],"curies":[{"name":"wp","href":"https:\/\/api.w.org\/{rel}","templated":true}]}}