{"id":117678,"date":"2024-02-20T16:16:35","date_gmt":"2024-02-20T19:16:35","guid":{"rendered":"https:\/\/www.locoxelrojo.com\/independiente\/?p=117678"},"modified":"2024-02-20T16:22:29","modified_gmt":"2024-02-20T19:22:29","slug":"bajan-a-reserva-a-jugar-con-huracan","status":"publish","type":"post","link":"https:\/\/www.locoxelrojo.com\/independiente\/2024\/02\/20\/bajan-a-reserva-a-jugar-con-huracan\/","title":{"rendered":"Bajan a Reserva a jugar con Hurac\u00e1n"},"content":{"rendered":"<p>El plantel de Independiente tuvo el martes libre, sin embargo, <strong>6 futbolistas de Primera Divisi\u00f3n bajan a Reserva para sumar minutos<\/strong>.<\/p>\n<p>La Reserva del Rojo a cargo de Pedro Monz\u00f3n enfrenta a Hurac\u00e1n este mi\u00e9rcoles a las 21 en el estadio Libertadores de Am\u00e9rica &#8211; Ricardo Enrique Bochini. Por eso, <strong>Carlos Tevez opt\u00f3 que varios jugadores bajen a tener rodaje<\/strong>.<\/p>\n<p>Ellos son:<strong> Mateo Morro, Fernando Da Rosa, Santiago Salle, Tom\u00e1s Parmo, Rodrigo M\u00e1rquez y Javier Ru\u00edz<\/strong>. Jornada especial para el Chila que volver\u00e1 a pisar una cancha despu\u00e9s de casi un a\u00f1o de su lesi\u00f3n.<\/p>\n<p>A continuaci\u00f3n, <strong>la lista de convocados por el Moncho<\/strong>, donde no est\u00e1 presente <a href=\"https:\/\/www.locoxelrojo.com\/independiente\/2024\/02\/20\/que-pasa-con-hidalgo\/\">Santiago Hidalgo<\/a>, por decisi\u00f3n de los dirigentes.<\/p>\n<p>1 &#8211; Barros, Luciano<br \/>\n2 &#8211; Galv\u00e1n, Leonel<br \/>\n3 &#8211; Da Rosa, Fernando<br \/>\n4 &#8211; Laprida, Al\u00e1n<br \/>\n5 &#8211; Salle, Santiago<br \/>\n6 &#8211; Tasso, Manuel<br \/>\n7 &#8211; Echeverr\u00eda, Luciano<br \/>\n8 &#8211; Quiroga, El\u00edas<br \/>\n9 &#8211; Morro, Mateo<br \/>\n10 &#8211; Taborda, Enzo<br \/>\n11 &#8211; Ru\u00edz, Javier<br \/>\n12 &#8211; Ballesteros, Francisco<br \/>\n13 &#8211; Mastrolorenzo, Thiago<br \/>\n14 &#8211; Parmo, Tom\u00e1s<br \/>\n15 &#8211; M\u00e1rquez, Rodrigo<br \/>\n16 &#8211; Gonz\u00e1lez, Lucas<br \/>\n17 &#8211; De Irastorza, Jonathan<br \/>\n18 &#8211; Bodnar, Sim\u00f3n<br \/>\n19 &#8211; Bord\u00f3n, Gonzalo<br \/>\n20 &#8211; Lara, Agust\u00edn<br \/>\n21 &#8211; Mill\u00e1n, Lautaro<br \/>\n22 &#8211; G\u00f3mez, Marcos<br \/>\n23 &#8211; Marchini, Jerem\u00edas<\/p>\n","protected":false},"excerpt":{"rendered":"<p>El plantel de Independiente tuvo el martes libre, sin embargo, 6 futbolistas de Primera Divisi\u00f3n bajan a Reserva para sumar minutos. La Reserva del Rojo a cargo de Pedro Monz\u00f3n enfrenta a Hurac\u00e1n este mi\u00e9rcoles a las 21 en el estadio Libertadores de Am\u00e9rica &#8211; Ricardo Enrique Bochini. Por eso, Carlos Tevez opt\u00f3 que varios [&hellip;]<\/p>\n","protected":false},"author":101036,"featured_media":117679,"comment_status":"open","ping_status":"closed","sticky":false,"template":"","format":"standard","meta":{"_links_to":"","_links_to_target":""},"categories":[3247,141],"tags":[5279,4385,5252,5425,1742,231,4050,5244,5165],"_links":{"self":[{"href":"https:\/\/www.locoxelrojo.com\/independiente\/wp-json\/wp\/v2\/posts\/117678"}],"collection":[{"href":"https:\/\/www.locoxelrojo.com\/independiente\/wp-json\/wp\/v2\/posts"}],"about":[{"href":"https:\/\/www.locoxelrojo.com\/independiente\/wp-json\/wp\/v2\/types\/post"}],"author":[{"embeddable":true,"href":"https:\/\/www.locoxelrojo.com\/independiente\/wp-json\/wp\/v2\/users\/101036"}],"replies":[{"embeddable":true,"href":"https:\/\/www.locoxelrojo.com\/independiente\/wp-json\/wp\/v2\/comments?post=117678"}],"version-history":[{"count":4,"href":"https:\/\/www.locoxelrojo.com\/independiente\/wp-json\/wp\/v2\/posts\/117678\/revisions"}],"predecessor-version":[{"id":117683,"href":"https:\/\/www.locoxelrojo.com\/independiente\/wp-json\/wp\/v2\/posts\/117678\/revisions\/117683"}],"wp:featuredmedia":[{"embeddable":true,"href":"https:\/\/www.locoxelrojo.com\/independiente\/wp-json\/wp\/v2\/media\/117679"}],"wp:attachment":[{"href":"https:\/\/www.locoxelrojo.com\/independiente\/wp-json\/wp\/v2\/media?parent=117678"}],"wp:term":[{"taxonomy":"category","embeddable":true,"href":"https:\/\/www.locoxelrojo.com\/independiente\/wp-json\/wp\/v2\/categories?post=117678"},{"taxonomy":"post_tag","embeddable":true,"href":"https:\/\/www.locoxelrojo.com\/independiente\/wp-json\/wp\/v2\/tags?post=117678"}],"curies":[{"name":"wp","href":"https:\/\/api.w.org\/{rel}","templated":true}]}}