{"id":117693,"date":"2024-02-21T10:36:32","date_gmt":"2024-02-21T13:36:32","guid":{"rendered":"https:\/\/www.locoxelrojo.com\/independiente\/?p=117693"},"modified":"2024-02-21T18:59:43","modified_gmt":"2024-02-21T21:59:43","slug":"gabriel-milito-no-descarta-meterse-en-la-politica-de-independiente","status":"publish","type":"post","link":"https:\/\/www.locoxelrojo.com\/independiente\/2024\/02\/21\/gabriel-milito-no-descarta-meterse-en-la-politica-de-independiente\/","title":{"rendered":"Gabriel Milito no descarta meterse en la pol\u00edtica de Independiente"},"content":{"rendered":"<p><strong>Gabriel Milito<\/strong> rompi\u00f3 el silencio y tuvo una extensa charla <a href=\"https:\/\/www.locoxelrojo.com\/independiente\/2024\/02\/21\/el-mariscal-analizo-al-rojo-de-tevez-me-gusta-como-juega-el-equipo\/\">sobre el presente de Independiente<\/a>. Para sorpresa de muchos, <strong>dej\u00f3 en claro que en un futuro le gustar\u00eda involucrarse nuevamente en el club desde otro rol.<\/strong><\/p>\n<p><strong>&#8220;En un futuro, cuando se me acaben las ganas de dirigir, me gustar\u00eda involucrarme en el club, no s\u00e9 en qu\u00e9 cargo&#8221;<\/strong>, expres\u00f3 el Mariscal en TyC Sports.<\/p>\n<p>Luego, explic\u00f3 que ser\u00eda complicado volver a verlo con el buzo de DT: <strong>&#8220;Uno nunca sabe, pero volver a dirigir a Independiente lo veo muy complicado, voy a seguir siendo entrenador pero lo veo complicado. Me toc\u00f3 estar, llegu\u00e9 con una expectativa enorme con el club de mi vida y me puse un objetivo que era salir campe\u00f3n en los primeros seis meses. Fui muy exigente conmigo mismo y con la realidad del club. Me pudo m\u00e1s la pasi\u00f3n del hincha que el sentido com\u00fan&#8221;<\/strong>. Y sum\u00f3: <strong>&#8220;Ese mercado de pases fue el peor de los \u00faltimos 8 o 10 a\u00f1os de Independiente. Llegu\u00e9 con la promesa de traer a muchos jugadores y no pudimos. Lleg\u00f3 Juan Sanchez Mi\u00f1o, Dami\u00e1n Mart\u00ednez, Maximiliano Meza y Nicol\u00e1s Figal. Cuando les ped\u00ed a Maxi Meza algunos dirigentes del club se me re\u00edan&#8221;<\/strong>.<\/p>\n<p><strong>&#8220;No la pas\u00e9 mal en el club, sino que mi exigencia como hincha fue muy alta. Con un poco m\u00e1s de tiempo podr\u00edamos haber conseguido algo. Ese equipo ten\u00eda futuro, lo sab\u00eda, pero no me di el tiempo necesario. He dicho en alguna oportunidad que volver\u00eda como hincha, fui a la cancha contra Rosario Central y este fin de semana seguramente contra Racing&#8221;<\/strong>, manifest\u00f3.<\/p>\n<p><strong>&#8220;Si me proponen ser presidente deber\u00eda analizarlo, prepararme, pero me involucrar\u00eda para colaborar y dar una mano. Esto cuando no tenga m\u00e1s ganas de dirigir, que eso por ahora no va a ocurrir porque tengo ganas de seguir trabajando y dirigiendo por muchos a\u00f1os m\u00e1s&#8221;<\/strong>, cerr\u00f3.<\/p>\n","protected":false},"excerpt":{"rendered":"<p>Gabriel Milito rompi\u00f3 el silencio y tuvo una extensa charla sobre el presente de Independiente. Para sorpresa de muchos, dej\u00f3 en claro que en un futuro le gustar\u00eda involucrarse nuevamente en el club desde otro rol. &#8220;En un futuro, cuando se me acaben las ganas de dirigir, me gustar\u00eda involucrarme en el club, no s\u00e9 [&hellip;]<\/p>\n","protected":false},"author":1,"featured_media":117702,"comment_status":"open","ping_status":"closed","sticky":false,"template":"","format":"standard","meta":{"_links_to":"","_links_to_target":""},"categories":[3280,3247],"tags":[153,42],"_links":{"self":[{"href":"https:\/\/www.locoxelrojo.com\/independiente\/wp-json\/wp\/v2\/posts\/117693"}],"collection":[{"href":"https:\/\/www.locoxelrojo.com\/independiente\/wp-json\/wp\/v2\/posts"}],"about":[{"href":"https:\/\/www.locoxelrojo.com\/independiente\/wp-json\/wp\/v2\/types\/post"}],"author":[{"embeddable":true,"href":"https:\/\/www.locoxelrojo.com\/independiente\/wp-json\/wp\/v2\/users\/1"}],"replies":[{"embeddable":true,"href":"https:\/\/www.locoxelrojo.com\/independiente\/wp-json\/wp\/v2\/comments?post=117693"}],"version-history":[{"count":3,"href":"https:\/\/www.locoxelrojo.com\/independiente\/wp-json\/wp\/v2\/posts\/117693\/revisions"}],"predecessor-version":[{"id":117708,"href":"https:\/\/www.locoxelrojo.com\/independiente\/wp-json\/wp\/v2\/posts\/117693\/revisions\/117708"}],"wp:featuredmedia":[{"embeddable":true,"href":"https:\/\/www.locoxelrojo.com\/independiente\/wp-json\/wp\/v2\/media\/117702"}],"wp:attachment":[{"href":"https:\/\/www.locoxelrojo.com\/independiente\/wp-json\/wp\/v2\/media?parent=117693"}],"wp:term":[{"taxonomy":"category","embeddable":true,"href":"https:\/\/www.locoxelrojo.com\/independiente\/wp-json\/wp\/v2\/categories?post=117693"},{"taxonomy":"post_tag","embeddable":true,"href":"https:\/\/www.locoxelrojo.com\/independiente\/wp-json\/wp\/v2\/tags?post=117693"}],"curies":[{"name":"wp","href":"https:\/\/api.w.org\/{rel}","templated":true}]}}