{"id":117734,"date":"2024-02-22T19:52:40","date_gmt":"2024-02-22T22:52:40","guid":{"rendered":"https:\/\/www.locoxelrojo.com\/independiente\/?p=117734"},"modified":"2024-02-22T21:09:10","modified_gmt":"2024-02-23T00:09:10","slug":"tevez-vamos-a-tratar-de-darle-una-alegria-a-la-gente","status":"publish","type":"post","link":"https:\/\/www.locoxelrojo.com\/independiente\/2024\/02\/22\/tevez-vamos-a-tratar-de-darle-una-alegria-a-la-gente\/","title":{"rendered":"Tevez: &#8220;Vamos a tratar de darle una alegr\u00eda a la gente&#8221;"},"content":{"rendered":"<p><strong>Carlos Tevez<\/strong> se refiri\u00f3 al \u00e1nimo del plantel y le dej\u00f3 un mensaje tranquilizador a la gente de cara al Cl\u00e1sico de Avellaneda.<\/p>\n<p>Independiente y Racing se ver\u00e1n las caras este s\u00e1bado por la fecha 7 de la Copa de la Liga. En conferencia de prensa, <strong>el Apache cont\u00f3 sus sensaciones previas al partido<\/strong>.<\/p>\n<p><strong>&#8220;Es importante, venimos de 2 victorias. La confianza mal empleada no es buena. La confianza por dem\u00e1s no est\u00e1 buena. Hay que pensar que es un cl\u00e1sico y que es totalmente diferente todo&#8221;<\/strong>, expres\u00f3. El factor an\u00edmico es clave, por eso advirti\u00f3: <strong>&#8220;Este partido es muy dif\u00edcil trabajar en lo mental. Es un cl\u00e1sico, no hay cosa m\u00e1s linda que jugarlo. Si tengo que darles motivaci\u00f3n a los jugadores estamos equivocados, no es el camino. Ya est\u00e1 la motivaci\u00f3n desde el d\u00eda lunes&#8221;<\/strong>.<\/p>\n<p>Por \u00faltimo, tuvo palabras para el hincha: <strong>&#8220;A la gente decirle que vaya con alegr\u00eda, que vaya a poder disfrutar el partido. Vamos a tratar de darle una alegr\u00eda&#8221;<\/strong>.<\/p>\n","protected":false},"excerpt":{"rendered":"<p>Carlos Tevez se refiri\u00f3 al \u00e1nimo del plantel y le dej\u00f3 un mensaje tranquilizador a la gente de cara al Cl\u00e1sico de Avellaneda. Independiente y Racing se ver\u00e1n las caras este s\u00e1bado por la fecha 7 de la Copa de la Liga. En conferencia de prensa, el Apache cont\u00f3 sus sensaciones previas al partido. &#8220;Es [&hellip;]<\/p>\n","protected":false},"author":101036,"featured_media":117735,"comment_status":"open","ping_status":"closed","sticky":false,"template":"","format":"standard","meta":{"_links_to":"","_links_to_target":""},"categories":[3247,3],"tags":[5279,134,153],"_links":{"self":[{"href":"https:\/\/www.locoxelrojo.com\/independiente\/wp-json\/wp\/v2\/posts\/117734"}],"collection":[{"href":"https:\/\/www.locoxelrojo.com\/independiente\/wp-json\/wp\/v2\/posts"}],"about":[{"href":"https:\/\/www.locoxelrojo.com\/independiente\/wp-json\/wp\/v2\/types\/post"}],"author":[{"embeddable":true,"href":"https:\/\/www.locoxelrojo.com\/independiente\/wp-json\/wp\/v2\/users\/101036"}],"replies":[{"embeddable":true,"href":"https:\/\/www.locoxelrojo.com\/independiente\/wp-json\/wp\/v2\/comments?post=117734"}],"version-history":[{"count":1,"href":"https:\/\/www.locoxelrojo.com\/independiente\/wp-json\/wp\/v2\/posts\/117734\/revisions"}],"predecessor-version":[{"id":117736,"href":"https:\/\/www.locoxelrojo.com\/independiente\/wp-json\/wp\/v2\/posts\/117734\/revisions\/117736"}],"wp:featuredmedia":[{"embeddable":true,"href":"https:\/\/www.locoxelrojo.com\/independiente\/wp-json\/wp\/v2\/media\/117735"}],"wp:attachment":[{"href":"https:\/\/www.locoxelrojo.com\/independiente\/wp-json\/wp\/v2\/media?parent=117734"}],"wp:term":[{"taxonomy":"category","embeddable":true,"href":"https:\/\/www.locoxelrojo.com\/independiente\/wp-json\/wp\/v2\/categories?post=117734"},{"taxonomy":"post_tag","embeddable":true,"href":"https:\/\/www.locoxelrojo.com\/independiente\/wp-json\/wp\/v2\/tags?post=117734"}],"curies":[{"name":"wp","href":"https:\/\/api.w.org\/{rel}","templated":true}]}}