{"id":117737,"date":"2024-02-22T20:39:49","date_gmt":"2024-02-22T23:39:49","guid":{"rendered":"https:\/\/www.locoxelrojo.com\/independiente\/?p=117737"},"modified":"2024-02-22T20:39:49","modified_gmt":"2024-02-22T23:39:49","slug":"las-incognitas-para-el-clasico","status":"publish","type":"post","link":"https:\/\/www.locoxelrojo.com\/independiente\/2024\/02\/22\/las-incognitas-para-el-clasico\/","title":{"rendered":"Las inc\u00f3gnitas para el cl\u00e1sico"},"content":{"rendered":"<p><strong>Carlos Tevez baraj\u00f3 distintas alternativas sobre el equipo que parar\u00e1 en el Cl\u00e1sico de Avellaneda frente a Racing. <\/strong><\/p>\n<p>La principal duda a despejar en las horas previas al encuentro es la lesi\u00f3n de Lucas Gonz\u00e1lez. \u00bfLlega? Sobre este tema, en conferencia de prensa el DT aclar\u00f3: <strong>&#8220;Vamos a esperarlo hasta \u00faltimo momento. Vamos a ver ma\u00f1ana, que es el \u00faltimo entrenamiento, para ver c\u00f3mo se siente&#8221;.<\/strong><\/p>\n<p>En caso que no llegue, qui\u00e9n lo reemplace depender\u00e1 del esquema que utilice. <strong>Puede optar por Alexis Canelo, Mat\u00edas Gim\u00e9nez Rojas o Ignacio Maestro Puch si quiere jugar con un punta m\u00e1s. Si quiere dejar todo c\u00f3mo est\u00e1, David Mart\u00ednez es la mejor opci\u00f3n, ya que puede adelantar a Gabriel Neves.<\/strong><\/p>\n<p>Sin embargo, el entrenador no descart\u00f3 sumar un central m\u00e1s a la defensa:<strong> &#8220;Como vuelve Felipe Aguilar y lo m\u00e1s fuerte que tienen ellos son los delanteros, un poco la duda es atr\u00e1s, no tanto adelante. Es una cuesti\u00f3n de ver si volvemos a la l\u00ednea de tres o seguimos con la de cuatro&#8221;<\/strong>.<\/p>\n<p><strong>&#8220;Es importante llevar a cabo la idea. Que est\u00e9 bien explicada, y saber c\u00f3mo vamos a jugar y c\u00f3mo los vamos a lastimar. Las ideas claras hacen la diferencia&#8221;<\/strong>, cerr\u00f3.<\/p>\n","protected":false},"excerpt":{"rendered":"<p>Carlos Tevez baraj\u00f3 distintas alternativas sobre el equipo que parar\u00e1 en el Cl\u00e1sico de Avellaneda frente a Racing. La principal duda a despejar en las horas previas al encuentro es la lesi\u00f3n de Lucas Gonz\u00e1lez. \u00bfLlega? Sobre este tema, en conferencia de prensa el DT aclar\u00f3: &#8220;Vamos a esperarlo hasta \u00faltimo momento. Vamos a ver [&hellip;]<\/p>\n","protected":false},"author":101036,"featured_media":117711,"comment_status":"open","ping_status":"closed","sticky":false,"template":"","format":"standard","meta":{"_links_to":"","_links_to_target":""},"categories":[3247,3],"tags":[5279,134,153,1994],"_links":{"self":[{"href":"https:\/\/www.locoxelrojo.com\/independiente\/wp-json\/wp\/v2\/posts\/117737"}],"collection":[{"href":"https:\/\/www.locoxelrojo.com\/independiente\/wp-json\/wp\/v2\/posts"}],"about":[{"href":"https:\/\/www.locoxelrojo.com\/independiente\/wp-json\/wp\/v2\/types\/post"}],"author":[{"embeddable":true,"href":"https:\/\/www.locoxelrojo.com\/independiente\/wp-json\/wp\/v2\/users\/101036"}],"replies":[{"embeddable":true,"href":"https:\/\/www.locoxelrojo.com\/independiente\/wp-json\/wp\/v2\/comments?post=117737"}],"version-history":[{"count":2,"href":"https:\/\/www.locoxelrojo.com\/independiente\/wp-json\/wp\/v2\/posts\/117737\/revisions"}],"predecessor-version":[{"id":117739,"href":"https:\/\/www.locoxelrojo.com\/independiente\/wp-json\/wp\/v2\/posts\/117737\/revisions\/117739"}],"wp:featuredmedia":[{"embeddable":true,"href":"https:\/\/www.locoxelrojo.com\/independiente\/wp-json\/wp\/v2\/media\/117711"}],"wp:attachment":[{"href":"https:\/\/www.locoxelrojo.com\/independiente\/wp-json\/wp\/v2\/media?parent=117737"}],"wp:term":[{"taxonomy":"category","embeddable":true,"href":"https:\/\/www.locoxelrojo.com\/independiente\/wp-json\/wp\/v2\/categories?post=117737"},{"taxonomy":"post_tag","embeddable":true,"href":"https:\/\/www.locoxelrojo.com\/independiente\/wp-json\/wp\/v2\/tags?post=117737"}],"curies":[{"name":"wp","href":"https:\/\/api.w.org\/{rel}","templated":true}]}}