{"id":117805,"date":"2024-02-25T18:49:50","date_gmt":"2024-02-25T21:49:50","guid":{"rendered":"https:\/\/www.locoxelrojo.com\/independiente\/?p=117805"},"modified":"2024-02-25T18:49:50","modified_gmt":"2024-02-25T21:49:50","slug":"7-fechas-sin-goles-de-delanteros-cuando-fue-la-ultima-vez","status":"publish","type":"post","link":"https:\/\/www.locoxelrojo.com\/independiente\/2024\/02\/25\/7-fechas-sin-goles-de-delanteros-cuando-fue-la-ultima-vez\/","title":{"rendered":"7 fechas sin goles de delanteros: \u00bfcu\u00e1ndo fue la \u00faltima vez?"},"content":{"rendered":"<p><a href=\"https:\/\/www.locoxelrojo.com\/independiente\/2024\/02\/24\/no-estuvo-a-la-altura-3\/\">La derrota de Independiente 1-0 ante Racing<\/a> dej\u00f3 <strong>una jornada m\u00e1s sin goles para los delanteros del Rojo. \u00bfCu\u00e1ndo fue la \u00faltima vez que pas\u00f3 tanto tiempo sin que los de arriba conviertan?<\/strong><\/p>\n<p><strong>Una de las principales falencias de este Independiente de Carlos Tevez es la falta de gol<\/strong>, algo que viene de arrastre en todo su ciclo y m\u00e1s atr\u00e1s tambi\u00e9n. Gabriel \u00c1valos lleg\u00f3 para solucionar ese problema, pero el paraguayo se contagi\u00f3 y atraviesa un momento de sequ\u00eda total.<\/p>\n<p>Alexis Canelo est\u00e1 en un nivel muy bajo en comparaci\u00f3n del semestre pasado y Mat\u00edas Gim\u00e9nez junto a Ignacio Maestro Puch tienen pocos minutos en cancha. <strong>En lo que va de la Copa de la Liga, Independiente convirti\u00f3 5 tantos, pero ninguno fue de los atacantes: Ayrton Costa, Joaqu\u00edn Laso, Federico Mancuello, Gabriel Neves y Lucas Gonz\u00e1lez.<\/strong><\/p>\n<p><strong>Pasaron 11 a\u00f1os desde la \u00faltima vez que ocurri\u00f3 un antecedente similar<\/strong>. Fue en el Torneo Final 2013, cuando la mala racha en ese campeonato la rompi\u00f3 <strong>Adri\u00e1n Fern\u00e1ndez<\/strong> en la fecha 9 en el empate 1-1 frente a Uni\u00f3n. <strong>En esa oportunidad fueron 8 encuentros<\/strong>:<\/p>\n<p>&#8211; Fecha 1 vs. Newell&#8217;s: 1-3 (Cristian Tula)<br \/>\n&#8211; Fecha 2 vs. V\u00e9lez: 1-0 (Cristian Tula)<br \/>\n&#8211; Fecha 3 vs. Racing: 2-0 (Leonel Miranda y Jonathan Santana)<br \/>\n&#8211; Fecha 4 vs. Arsenal: 0-1<br \/>\n&#8211; Fecha 5 vs. Godoy Cruz: 0-1<br \/>\n&#8211; Fecha 6 vs. Quilmes: 0-0<br \/>\n&#8211; Fecha 7 vs. Boca: 1-1 (Claudio Morel Rodriguez)<br \/>\n&#8211; Fecha 8 vs. All Boys: 0-2<br \/>\n<strong>&#8211; Fecha 9 vs. Uni\u00f3n: 1-1 (Adri\u00e1n Fern\u00e1ndez)<\/strong><\/p>\n<p><iframe loading=\"lazy\" title=\"YouTube video player\" src=\"https:\/\/www.youtube.com\/embed\/sBX_83kOfnU?si=yvViuRWYLD1dtMCH\" width=\"560\" height=\"315\" frameborder=\"0\" allowfullscreen=\"allowfullscreen\"><\/iframe><\/p>\n","protected":false},"excerpt":{"rendered":"<p>La derrota de Independiente 1-0 ante Racing dej\u00f3 una jornada m\u00e1s sin goles para los delanteros del Rojo. \u00bfCu\u00e1ndo fue la \u00faltima vez que pas\u00f3 tanto tiempo sin que los de arriba conviertan? Una de las principales falencias de este Independiente de Carlos Tevez es la falta de gol, algo que viene de arrastre en [&hellip;]<\/p>\n","protected":false},"author":101035,"featured_media":117806,"comment_status":"open","ping_status":"closed","sticky":false,"template":"","format":"standard","meta":{"_links_to":"","_links_to_target":""},"categories":[1989,3247],"tags":[3125,153,5550,5545,5556,5326],"_links":{"self":[{"href":"https:\/\/www.locoxelrojo.com\/independiente\/wp-json\/wp\/v2\/posts\/117805"}],"collection":[{"href":"https:\/\/www.locoxelrojo.com\/independiente\/wp-json\/wp\/v2\/posts"}],"about":[{"href":"https:\/\/www.locoxelrojo.com\/independiente\/wp-json\/wp\/v2\/types\/post"}],"author":[{"embeddable":true,"href":"https:\/\/www.locoxelrojo.com\/independiente\/wp-json\/wp\/v2\/users\/101035"}],"replies":[{"embeddable":true,"href":"https:\/\/www.locoxelrojo.com\/independiente\/wp-json\/wp\/v2\/comments?post=117805"}],"version-history":[{"count":1,"href":"https:\/\/www.locoxelrojo.com\/independiente\/wp-json\/wp\/v2\/posts\/117805\/revisions"}],"predecessor-version":[{"id":117807,"href":"https:\/\/www.locoxelrojo.com\/independiente\/wp-json\/wp\/v2\/posts\/117805\/revisions\/117807"}],"wp:featuredmedia":[{"embeddable":true,"href":"https:\/\/www.locoxelrojo.com\/independiente\/wp-json\/wp\/v2\/media\/117806"}],"wp:attachment":[{"href":"https:\/\/www.locoxelrojo.com\/independiente\/wp-json\/wp\/v2\/media?parent=117805"}],"wp:term":[{"taxonomy":"category","embeddable":true,"href":"https:\/\/www.locoxelrojo.com\/independiente\/wp-json\/wp\/v2\/categories?post=117805"},{"taxonomy":"post_tag","embeddable":true,"href":"https:\/\/www.locoxelrojo.com\/independiente\/wp-json\/wp\/v2\/tags?post=117805"}],"curies":[{"name":"wp","href":"https:\/\/api.w.org\/{rel}","templated":true}]}}