{"id":117808,"date":"2024-02-26T19:50:37","date_gmt":"2024-02-26T22:50:37","guid":{"rendered":"https:\/\/www.locoxelrojo.com\/independiente\/?p=117808"},"modified":"2024-02-26T19:50:37","modified_gmt":"2024-02-26T22:50:37","slug":"otro-gol-de-rambert-en-alvarado","status":"publish","type":"post","link":"https:\/\/www.locoxelrojo.com\/independiente\/2024\/02\/26\/otro-gol-de-rambert-en-alvarado\/","title":{"rendered":"Otro gol de Rambert en Alvarado"},"content":{"rendered":"<p><strong>Tom\u00e1s Rambert<\/strong> marc\u00f3 en la victoria de Alvarado, por la Fecha 4 de la Primera Nacional, frente a All Boys.<\/p>\n<p>El jugador de 20 a\u00f1os, que est\u00e1 a pr\u00e9stamo desde Independiente, convirti\u00f3 su segundo gol con la camiseta de Alvarado. <strong>A los 35&#8242; del partido, Rambert se desmarc\u00f3 y logr\u00f3 conectar un centro preciso para definir al segundo palo y darle la victoria por 1-0 al conjunto de Mar del Plata.<\/strong><\/p>\n<blockquote class=\"twitter-tweet\">\n<p dir=\"ltr\" lang=\"es\">El gol de Tom\u00e1s Rambert para el triunfo de Alvarado. <a href=\"https:\/\/t.co\/eHFQDZPKdl\">pic.twitter.com\/eHFQDZPKdl<\/a><\/p>\n<p>\u2014 Gustavo Medina (@GusMedina9) <a href=\"https:\/\/twitter.com\/GusMedina9\/status\/1761969304944132098?ref_src=twsrc%5Etfw\">February 26, 2024<\/a><\/p><\/blockquote>\n<p><script async src=\"https:\/\/platform.twitter.com\/widgets.js\" charset=\"utf-8\"><\/script><\/p>\n<p><strong>Fue su partido n\u00famero 4 como titular.<\/strong> Recordemos que debe volver al Rojo el 31 de diciembre de 2024.<\/p>\n<blockquote class=\"twitter-tweet\">\n<p dir=\"ltr\" lang=\"es\">\u00a1Gritalo Tomi! \u26bd <a href=\"https:\/\/t.co\/4Hc1JrcgqW\">pic.twitter.com\/4Hc1JrcgqW<\/a><\/p>\n<p>\u2014 Club A. Alvarado (@ClubAlvaOficial) <a href=\"https:\/\/twitter.com\/ClubAlvaOficial\/status\/1761904043956314376?ref_src=twsrc%5Etfw\">February 26, 2024<\/a><\/p><\/blockquote>\n<p><script async src=\"https:\/\/platform.twitter.com\/widgets.js\" charset=\"utf-8\"><\/script><\/p>\n","protected":false},"excerpt":{"rendered":"<p>Tom\u00e1s Rambert marc\u00f3 en la victoria de Alvarado, por la Fecha 4 de la Primera Nacional, frente a All Boys. El jugador de 20 a\u00f1os, que est\u00e1 a pr\u00e9stamo desde Independiente, convirti\u00f3 su segundo gol con la camiseta de Alvarado. A los 35&#8242; del partido, Rambert se desmarc\u00f3 y logr\u00f3 conectar un centro preciso para [&hellip;]<\/p>\n","protected":false},"author":101036,"featured_media":117809,"comment_status":"open","ping_status":"closed","sticky":false,"template":"","format":"standard","meta":{"_links_to":"","_links_to_target":""},"categories":[11,3247],"tags":[3755,4833,4151],"_links":{"self":[{"href":"https:\/\/www.locoxelrojo.com\/independiente\/wp-json\/wp\/v2\/posts\/117808"}],"collection":[{"href":"https:\/\/www.locoxelrojo.com\/independiente\/wp-json\/wp\/v2\/posts"}],"about":[{"href":"https:\/\/www.locoxelrojo.com\/independiente\/wp-json\/wp\/v2\/types\/post"}],"author":[{"embeddable":true,"href":"https:\/\/www.locoxelrojo.com\/independiente\/wp-json\/wp\/v2\/users\/101036"}],"replies":[{"embeddable":true,"href":"https:\/\/www.locoxelrojo.com\/independiente\/wp-json\/wp\/v2\/comments?post=117808"}],"version-history":[{"count":1,"href":"https:\/\/www.locoxelrojo.com\/independiente\/wp-json\/wp\/v2\/posts\/117808\/revisions"}],"predecessor-version":[{"id":117810,"href":"https:\/\/www.locoxelrojo.com\/independiente\/wp-json\/wp\/v2\/posts\/117808\/revisions\/117810"}],"wp:featuredmedia":[{"embeddable":true,"href":"https:\/\/www.locoxelrojo.com\/independiente\/wp-json\/wp\/v2\/media\/117809"}],"wp:attachment":[{"href":"https:\/\/www.locoxelrojo.com\/independiente\/wp-json\/wp\/v2\/media?parent=117808"}],"wp:term":[{"taxonomy":"category","embeddable":true,"href":"https:\/\/www.locoxelrojo.com\/independiente\/wp-json\/wp\/v2\/categories?post=117808"},{"taxonomy":"post_tag","embeddable":true,"href":"https:\/\/www.locoxelrojo.com\/independiente\/wp-json\/wp\/v2\/tags?post=117808"}],"curies":[{"name":"wp","href":"https:\/\/api.w.org\/{rel}","templated":true}]}}