{"id":117879,"date":"2024-03-01T16:20:25","date_gmt":"2024-03-01T19:20:25","guid":{"rendered":"https:\/\/www.locoxelrojo.com\/independiente\/?p=117879"},"modified":"2024-03-01T16:20:25","modified_gmt":"2024-03-01T19:20:25","slug":"3-al-sub-17","status":"publish","type":"post","link":"https:\/\/www.locoxelrojo.com\/independiente\/2024\/03\/01\/3-al-sub-17\/","title":{"rendered":"3 al Sub 17"},"content":{"rendered":"<p><strong>Diego Placente convoc\u00f3 a 3 jugadores de Independiente a la Selecci\u00f3n Argentina Sub 17.<\/strong><\/p>\n<p>Luego de conocerse los llamados de <a href=\"https:\/\/www.locoxelrojo.com\/independiente\/2024\/02\/29\/4-al-sub-20\/\">Mateo Morro, Jonathan De Irastorza, Santiago L\u00f3pez y Lautaro Mill\u00e1n al Sub 20<\/a>, el Rojo recibi\u00f3 otra gran noticia.<\/p>\n<p>Se trata de <strong>Tom\u00e1s Parmo, Santino Viollaz y Diego Fleitas<\/strong>, quienes fueron citados para entrenarse en el Predio Lionel Andr\u00e9s Messi.<\/p>\n<p>Los 3 j\u00f3venes ya saben lo que es vestir la camiseta albiceleste, ya que el a\u00f1o pasado estuvieron junto a la Sub 15. <strong>Los pibes del Rojo deber\u00e1n presentarse en Ezeiza la pr\u00f3xima semana.<\/strong><\/p>\n","protected":false},"excerpt":{"rendered":"<p>Diego Placente convoc\u00f3 a 3 jugadores de Independiente a la Selecci\u00f3n Argentina Sub 17. Luego de conocerse los llamados de Mateo Morro, Jonathan De Irastorza, Santiago L\u00f3pez y Lautaro Mill\u00e1n al Sub 20, el Rojo recibi\u00f3 otra gran noticia. Se trata de Tom\u00e1s Parmo, Santino Viollaz y Diego Fleitas, quienes fueron citados para entrenarse en [&hellip;]<\/p>\n","protected":false},"author":101034,"featured_media":117119,"comment_status":"open","ping_status":"closed","sticky":false,"template":"","format":"standard","meta":{"_links_to":"","_links_to_target":""},"categories":[3247,3281],"tags":[5177,3784,5441,227,5165],"_links":{"self":[{"href":"https:\/\/www.locoxelrojo.com\/independiente\/wp-json\/wp\/v2\/posts\/117879"}],"collection":[{"href":"https:\/\/www.locoxelrojo.com\/independiente\/wp-json\/wp\/v2\/posts"}],"about":[{"href":"https:\/\/www.locoxelrojo.com\/independiente\/wp-json\/wp\/v2\/types\/post"}],"author":[{"embeddable":true,"href":"https:\/\/www.locoxelrojo.com\/independiente\/wp-json\/wp\/v2\/users\/101034"}],"replies":[{"embeddable":true,"href":"https:\/\/www.locoxelrojo.com\/independiente\/wp-json\/wp\/v2\/comments?post=117879"}],"version-history":[{"count":1,"href":"https:\/\/www.locoxelrojo.com\/independiente\/wp-json\/wp\/v2\/posts\/117879\/revisions"}],"predecessor-version":[{"id":117880,"href":"https:\/\/www.locoxelrojo.com\/independiente\/wp-json\/wp\/v2\/posts\/117879\/revisions\/117880"}],"wp:featuredmedia":[{"embeddable":true,"href":"https:\/\/www.locoxelrojo.com\/independiente\/wp-json\/wp\/v2\/media\/117119"}],"wp:attachment":[{"href":"https:\/\/www.locoxelrojo.com\/independiente\/wp-json\/wp\/v2\/media?parent=117879"}],"wp:term":[{"taxonomy":"category","embeddable":true,"href":"https:\/\/www.locoxelrojo.com\/independiente\/wp-json\/wp\/v2\/categories?post=117879"},{"taxonomy":"post_tag","embeddable":true,"href":"https:\/\/www.locoxelrojo.com\/independiente\/wp-json\/wp\/v2\/tags?post=117879"}],"curies":[{"name":"wp","href":"https:\/\/api.w.org\/{rel}","templated":true}]}}