{"id":1179,"date":"2010-09-20T18:30:18","date_gmt":"2010-09-20T21:30:18","guid":{"rendered":"http:\/\/www.locoxelrojo.com.ar\/independiente\/?p=1179"},"modified":"2010-09-20T18:39:53","modified_gmt":"2010-09-20T21:39:53","slug":"acefalos","status":"publish","type":"post","link":"https:\/\/www.locoxelrojo.com\/independiente\/2010\/09\/20\/acefalos\/","title":{"rendered":"Ac\u00e9falos"},"content":{"rendered":"<p><a href=\"http:\/\/www.locoxelrojo.com.ar\/independiente\/wp-content\/uploads\/2010\/09\/entrenamiento1.jpg\"><img loading=\"lazy\" class=\"alignnone size-full wp-image-1180\" title=\"entrenamiento1\" src=\"http:\/\/www.locoxelrojo.com.ar\/independiente\/wp-content\/uploads\/2010\/09\/entrenamiento1.jpg\" alt=\"\" width=\"550\" height=\"315\" srcset=\"https:\/\/locoxelrojo.com\/independiente\/wp-content\/uploads\/2010\/09\/entrenamiento1.jpg 550w, https:\/\/locoxelrojo.com\/independiente\/wp-content\/uploads\/2010\/09\/entrenamiento1-300x171.jpg 300w\" sizes=\"(max-width: 550px) 100vw, 550px\" \/><\/a><\/p>\n<p>Clima caliente en Villa Dominico. Por la ma\u00f1ana la renuncia del Cuerpo T\u00e9cnico encabezado por Daniel Garnero. Minutos m\u00e1s tarde la esperada renuncia por los hinchas y algunos dirigentes del Manager del Club, Cesar Luis Menotti, por lo que se deja de lado el famoso \u201cProyecto\u201d.<\/p>\n<p>En todo este clima, el encargado de dirigir la practica por la tarde fue Manuel Mag\u00e1n, Acompa\u00f1ado por Rub\u00e9n Tanucci, el profe Anselmi y trabajando con los arqueros estuvo Tato Medina.<\/p>\n<p>El entrenamiento fue un trabajo regenerativo para los que \u201cjugaron\u201d el partido de ayer frente a Banfield. Mientras que el resto de los profesionales realizaron f\u00fatbol en espacios reducidos.<\/p>\n<p>Para ma\u00f1ana a las 9.30 Hs fueron citados los jugadores para seguir trabajando en un principio bajo las ordenes de Mag\u00e1n nuevamente.<\/p>\n<p>En cuanto al futuro DT, la Comisi\u00f3n Directiva le dio poderes a Julio Comparada para que contrate nuevamente al Tolo Gallego. En segundo orden ir\u00edan por Pekerman que tambi\u00e9n cuenta con el visto bueno de los dirigentes, pero la prioridad n\u00famero uno es la vuelta del Tolo.<\/p>\n","protected":false},"excerpt":{"rendered":"<p>Clima caliente en Villa Dominico. Por la ma\u00f1ana la renuncia del Cuerpo T\u00e9cnico encabezado por Daniel Garnero. Minutos m\u00e1s tarde la esperada renuncia por los hinchas y algunos dirigentes del Manager del Club, Cesar Luis Menotti, por lo que se deja de lado el famoso \u201cProyecto\u201d. En todo este clima, el encargado de dirigir la [&hellip;]<\/p>\n","protected":false},"author":1,"featured_media":0,"comment_status":"open","ping_status":"open","sticky":false,"template":"","format":"standard","meta":{"_links_to":"","_links_to_target":""},"categories":[3,1],"tags":[24,30,33,35],"_links":{"self":[{"href":"https:\/\/www.locoxelrojo.com\/independiente\/wp-json\/wp\/v2\/posts\/1179"}],"collection":[{"href":"https:\/\/www.locoxelrojo.com\/independiente\/wp-json\/wp\/v2\/posts"}],"about":[{"href":"https:\/\/www.locoxelrojo.com\/independiente\/wp-json\/wp\/v2\/types\/post"}],"author":[{"embeddable":true,"href":"https:\/\/www.locoxelrojo.com\/independiente\/wp-json\/wp\/v2\/users\/1"}],"replies":[{"embeddable":true,"href":"https:\/\/www.locoxelrojo.com\/independiente\/wp-json\/wp\/v2\/comments?post=1179"}],"version-history":[{"count":0,"href":"https:\/\/www.locoxelrojo.com\/independiente\/wp-json\/wp\/v2\/posts\/1179\/revisions"}],"wp:attachment":[{"href":"https:\/\/www.locoxelrojo.com\/independiente\/wp-json\/wp\/v2\/media?parent=1179"}],"wp:term":[{"taxonomy":"category","embeddable":true,"href":"https:\/\/www.locoxelrojo.com\/independiente\/wp-json\/wp\/v2\/categories?post=1179"},{"taxonomy":"post_tag","embeddable":true,"href":"https:\/\/www.locoxelrojo.com\/independiente\/wp-json\/wp\/v2\/tags?post=1179"}],"curies":[{"name":"wp","href":"https:\/\/api.w.org\/{rel}","templated":true}]}}