{"id":117955,"date":"2024-03-04T10:10:39","date_gmt":"2024-03-04T13:10:39","guid":{"rendered":"https:\/\/www.locoxelrojo.com\/independiente\/?p=117955"},"modified":"2024-03-04T03:34:16","modified_gmt":"2024-03-04T06:34:16","slug":"el-mensaje-de-avalos-y-la-banca-del-kun","status":"publish","type":"post","link":"https:\/\/www.locoxelrojo.com\/independiente\/2024\/03\/04\/el-mensaje-de-avalos-y-la-banca-del-kun\/","title":{"rendered":"El mensaje de \u00c1valos y la banca del Kun"},"content":{"rendered":"<p><strong>Gabriel \u00c1valos public\u00f3 un mensaje para los hinchas de Independiente en medio de esta mala racha en la que no puede convertir. Sergio Ag\u00fcero lo banc\u00f3.<\/strong><\/p>\n<p>El 9 del Rojo es muy importante para el equipo. El propio Carlos Tevez lo respald\u00f3 y dej\u00f3 en claro que hace un trabajo fundamental jugando de espaldas y asistiendo a sus compa\u00f1eros. Se vio ante Argentinos Juniors, cuando le baj\u00f3 la pelota a Ignacio Maestro Puch y le dej\u00f3 servido el 2-1. Sin embargo, <strong>ya van 8 fechas y el gol no se le da<\/strong>.<\/p>\n<p>Despu\u00e9s de una noche que incluy\u00f3 un doble cabezazo que no quiso entrar y un penal errado, \u00c1valos se volc\u00f3 a las redes sociales para hablarle a los hinchas.<strong> &#8220;Muchas gracias por tantos mensajes de apoyo y por bancar. El esfuerzo no se negocia, lo dem\u00e1s vendr\u00e1. \u00a1Vamos, Rojo!&#8221;<\/strong>, escribi\u00f3 en su cuenta de Instagram.<\/p>\n<blockquote class=\"instagram-media\" style=\"background: #FFF; border: 0; border-radius: 3px; box-shadow: 0 0 1px 0 rgba(0,0,0,0.5),0 1px 10px 0 rgba(0,0,0,0.15); margin: 1px; max-width: 540px; min-width: 326px; padding: 0; width: calc(100% - 2px);\" data-instgrm-captioned=\"\" data-instgrm-permalink=\"https:\/\/www.instagram.com\/p\/C4EXSoTgLhF\/?utm_source=ig_embed&amp;utm_campaign=loading\" data-instgrm-version=\"14\">\n<div style=\"padding: 16px;\">\n<p>&nbsp;<\/p>\n<div style=\"display: flex; flex-direction: row; align-items: center;\">\n<div style=\"background-color: #f4f4f4; border-radius: 50%; flex-grow: 0; height: 40px; margin-right: 14px; width: 40px;\"><\/div>\n<div style=\"display: flex; flex-direction: column; flex-grow: 1; justify-content: center;\">\n<div style=\"background-color: #f4f4f4; border-radius: 4px; flex-grow: 0; height: 14px; margin-bottom: 6px; width: 100px;\"><\/div>\n<div style=\"background-color: #f4f4f4; border-radius: 4px; flex-grow: 0; height: 14px; width: 60px;\"><\/div>\n<\/div>\n<\/div>\n<div style=\"padding: 19% 0;\"><\/div>\n<div style=\"display: block; height: 50px; margin: 0 auto 12px; width: 50px;\"><\/div>\n<div style=\"padding-top: 8px;\">\n<div style=\"color: #3897f0; font-family: Arial,sans-serif; font-size: 14px; font-style: normal; font-weight: 550; line-height: 18px;\">Ver esta publicaci\u00f3n en Instagram<\/div>\n<\/div>\n<div style=\"padding: 12.5% 0;\"><\/div>\n<div style=\"display: flex; flex-direction: row; margin-bottom: 14px; align-items: center;\">\n<div>\n<div style=\"background-color: #f4f4f4; border-radius: 50%; height: 12.5px; width: 12.5px; transform: translateX(0px) translateY(7px);\"><\/div>\n<div style=\"background-color: #f4f4f4; height: 12.5px; transform: rotate(-45deg) translateX(3px) translateY(1px); width: 12.5px; flex-grow: 0; margin-right: 14px; margin-left: 2px;\"><\/div>\n<div style=\"background-color: #f4f4f4; border-radius: 50%; height: 12.5px; width: 12.5px; transform: translateX(9px) translateY(-18px);\"><\/div>\n<\/div>\n<div style=\"margin-left: 8px;\">\n<div style=\"background-color: #f4f4f4; border-radius: 50%; flex-grow: 0; height: 20px; width: 20px;\"><\/div>\n<div style=\"width: 0; height: 0; border-top: 2px solid transparent; border-left: 6px solid #f4f4f4; border-bottom: 2px solid transparent; transform: translateX(16px) translateY(-4px) rotate(30deg);\"><\/div>\n<\/div>\n<div style=\"margin-left: auto;\">\n<div style=\"width: 0px; border-top: 8px solid #F4F4F4; border-right: 8px solid transparent; transform: translateY(16px);\"><\/div>\n<div style=\"background-color: #f4f4f4; flex-grow: 0; height: 12px; width: 16px; transform: translateY(-4px);\"><\/div>\n<div style=\"width: 0; height: 0; border-top: 8px solid #F4F4F4; border-left: 8px solid transparent; transform: translateY(-4px) translateX(8px);\"><\/div>\n<\/div>\n<\/div>\n<div style=\"display: flex; flex-direction: column; flex-grow: 1; justify-content: center; margin-bottom: 24px;\">\n<div style=\"background-color: #f4f4f4; border-radius: 4px; flex-grow: 0; height: 14px; margin-bottom: 6px; width: 224px;\"><\/div>\n<div style=\"background-color: #f4f4f4; border-radius: 4px; flex-grow: 0; height: 14px; width: 144px;\"><\/div>\n<\/div>\n<p>&nbsp;<\/p>\n<p style=\"color: #c9c8cd; font-family: Arial,sans-serif; font-size: 14px; line-height: 17px; margin-bottom: 0; margin-top: 8px; overflow: hidden; padding: 8px 0 7px; text-align: center; text-overflow: ellipsis; white-space: nowrap;\"><a style=\"color: #c9c8cd; font-family: Arial,sans-serif; font-size: 14px; font-style: normal; font-weight: normal; line-height: 17px; text-decoration: none;\" href=\"https:\/\/www.instagram.com\/p\/C4EXSoTgLhF\/?utm_source=ig_embed&amp;utm_campaign=loading\" target=\"_blank\" rel=\"noopener\">Una publicaci\u00f3n compartida por Gabriel Avalos Stumpfs (@gabi.ava11)<\/a><\/p>\n<\/div>\n<\/blockquote>\n<p><script async src=\"\/\/www.instagram.com\/embed.js\"><\/script><\/p>\n<p>Uno de los que lo bancaron fue el Kun, que estuvo presente en el palco de la platea Erico viendo el partido ante el Bicho. En una respuesta a un seguidor, dej\u00f3 en claro su apoyo a \u00c1valos. <strong>&#8220;Siempre lo voy a bancar, pa. Ya se le va a dar, tranqui&#8221;<\/strong>, escribi\u00f3.<\/p>\n<blockquote class=\"twitter-tweet\" data-width=\"550\" data-dnt=\"true\">\n<p lang=\"es\" dir=\"ltr\">Siempre lo voy a bancar pa . Ya se le va a dar tranqui <a href=\"https:\/\/t.co\/GRQff9f7GK\">https:\/\/t.co\/GRQff9f7GK<\/a><\/p>\n<p>&mdash; Sergio Kun Aguero (@aguerosergiokun) <a href=\"https:\/\/twitter.com\/aguerosergiokun\/status\/1764081990347772140?ref_src=twsrc%5Etfw\">March 3, 2024<\/a><\/p><\/blockquote>\n<p><script async src=\"https:\/\/platform.twitter.com\/widgets.js\" charset=\"utf-8\"><\/script><\/p>\n","protected":false},"excerpt":{"rendered":"<p>Gabriel \u00c1valos public\u00f3 un mensaje para los hinchas de Independiente en medio de esta mala racha en la que no puede convertir. Sergio Ag\u00fcero lo banc\u00f3. El 9 del Rojo es muy importante para el equipo. El propio Carlos Tevez lo respald\u00f3 y dej\u00f3 en claro que hace un trabajo fundamental jugando de espaldas y [&hellip;]<\/p>\n","protected":false},"author":8,"featured_media":117949,"comment_status":"open","ping_status":"closed","sticky":false,"template":"","format":"standard","meta":{"_links_to":"","_links_to_target":""},"categories":[3247,3363],"tags":[153,5545,143],"_links":{"self":[{"href":"https:\/\/www.locoxelrojo.com\/independiente\/wp-json\/wp\/v2\/posts\/117955"}],"collection":[{"href":"https:\/\/www.locoxelrojo.com\/independiente\/wp-json\/wp\/v2\/posts"}],"about":[{"href":"https:\/\/www.locoxelrojo.com\/independiente\/wp-json\/wp\/v2\/types\/post"}],"author":[{"embeddable":true,"href":"https:\/\/www.locoxelrojo.com\/independiente\/wp-json\/wp\/v2\/users\/8"}],"replies":[{"embeddable":true,"href":"https:\/\/www.locoxelrojo.com\/independiente\/wp-json\/wp\/v2\/comments?post=117955"}],"version-history":[{"count":1,"href":"https:\/\/www.locoxelrojo.com\/independiente\/wp-json\/wp\/v2\/posts\/117955\/revisions"}],"predecessor-version":[{"id":117956,"href":"https:\/\/www.locoxelrojo.com\/independiente\/wp-json\/wp\/v2\/posts\/117955\/revisions\/117956"}],"wp:featuredmedia":[{"embeddable":true,"href":"https:\/\/www.locoxelrojo.com\/independiente\/wp-json\/wp\/v2\/media\/117949"}],"wp:attachment":[{"href":"https:\/\/www.locoxelrojo.com\/independiente\/wp-json\/wp\/v2\/media?parent=117955"}],"wp:term":[{"taxonomy":"category","embeddable":true,"href":"https:\/\/www.locoxelrojo.com\/independiente\/wp-json\/wp\/v2\/categories?post=117955"},{"taxonomy":"post_tag","embeddable":true,"href":"https:\/\/www.locoxelrojo.com\/independiente\/wp-json\/wp\/v2\/tags?post=117955"}],"curies":[{"name":"wp","href":"https:\/\/api.w.org\/{rel}","templated":true}]}}