{"id":118051,"date":"2024-03-08T21:22:32","date_gmt":"2024-03-09T00:22:32","guid":{"rendered":"https:\/\/www.locoxelrojo.com\/independiente\/?p=118051"},"modified":"2024-03-08T21:22:32","modified_gmt":"2024-03-09T00:22:32","slug":"a-la-roja","status":"publish","type":"post","link":"https:\/\/www.locoxelrojo.com\/independiente\/2024\/03\/08\/a-la-roja\/","title":{"rendered":"A La Roja"},"content":{"rendered":"<p><strong>Mauricio Isla fue convocado a la Selecci\u00f3n de Chile.<\/strong><\/p>\n<p>Ricardo Gareca dio a conocer su primera convocatoria de jugadores para La Roja. Con motivos de prepararse para lo que ser\u00e1 la Copa Am\u00e9rica, <strong>Chile disputar\u00e1 dos partidos amistosos en la fecha FIFA.\u00a0<\/strong><\/p>\n<p>El primero ser\u00e1 <strong>el viernes 22 de marzo a Albania en Italia<\/strong>, mientras que <strong>el segundo lo jugar\u00e1 con Francia, en Marsella, el martes 26.<\/strong><\/p>\n<p>De esta manera, <strong>el lateral del Rojo vuelve a vestir despu\u00e9s de un tiempo la camiseta de Chile<\/strong>. Hay que estar atentos porque podr\u00eda estar ausente en la primera ronda de la Copa Argentina ante Laferrere.<\/p>\n<blockquote class=\"twitter-tweet\">\n<p dir=\"ltr\" lang=\"es\"> N\u00d3MINA DE CHILE  <\/p>\n<p>\u270d\ufe0f Estos son los convocados por Ricardo Gareca para la Fecha FIFA de marzo ante Albania  y Francia . <a href=\"https:\/\/twitter.com\/hashtag\/SomosLaRoja?src=hash&amp;ref_src=twsrc%5Etfw\">#SomosLaRoja<\/a> <a href=\"https:\/\/t.co\/c3mFifIAks\">pic.twitter.com\/c3mFifIAks<\/a><\/p>\n<p>\u2014 Selecci\u00f3n Chilena (@LaRoja) <a href=\"https:\/\/twitter.com\/LaRoja\/status\/1766172714455240768?ref_src=twsrc%5Etfw\">March 8, 2024<\/a><\/p><\/blockquote>\n<p><script async src=\"https:\/\/platform.twitter.com\/widgets.js\" charset=\"utf-8\"><\/script><\/p>\n","protected":false},"excerpt":{"rendered":"<p>Mauricio Isla fue convocado a la Selecci\u00f3n de Chile. Ricardo Gareca dio a conocer su primera convocatoria de jugadores para La Roja. Con motivos de prepararse para lo que ser\u00e1 la Copa Am\u00e9rica, Chile disputar\u00e1 dos partidos amistosos en la fecha FIFA.\u00a0 El primero ser\u00e1 el viernes 22 de marzo a Albania en Italia, mientras [&hellip;]<\/p>\n","protected":false},"author":1,"featured_media":118052,"comment_status":"open","ping_status":"closed","sticky":false,"template":"","format":"standard","meta":{"_links_to":"","_links_to_target":""},"categories":[3280,3247],"tags":[153,5474,1017,4026],"_links":{"self":[{"href":"https:\/\/www.locoxelrojo.com\/independiente\/wp-json\/wp\/v2\/posts\/118051"}],"collection":[{"href":"https:\/\/www.locoxelrojo.com\/independiente\/wp-json\/wp\/v2\/posts"}],"about":[{"href":"https:\/\/www.locoxelrojo.com\/independiente\/wp-json\/wp\/v2\/types\/post"}],"author":[{"embeddable":true,"href":"https:\/\/www.locoxelrojo.com\/independiente\/wp-json\/wp\/v2\/users\/1"}],"replies":[{"embeddable":true,"href":"https:\/\/www.locoxelrojo.com\/independiente\/wp-json\/wp\/v2\/comments?post=118051"}],"version-history":[{"count":1,"href":"https:\/\/www.locoxelrojo.com\/independiente\/wp-json\/wp\/v2\/posts\/118051\/revisions"}],"predecessor-version":[{"id":118053,"href":"https:\/\/www.locoxelrojo.com\/independiente\/wp-json\/wp\/v2\/posts\/118051\/revisions\/118053"}],"wp:featuredmedia":[{"embeddable":true,"href":"https:\/\/www.locoxelrojo.com\/independiente\/wp-json\/wp\/v2\/media\/118052"}],"wp:attachment":[{"href":"https:\/\/www.locoxelrojo.com\/independiente\/wp-json\/wp\/v2\/media?parent=118051"}],"wp:term":[{"taxonomy":"category","embeddable":true,"href":"https:\/\/www.locoxelrojo.com\/independiente\/wp-json\/wp\/v2\/categories?post=118051"},{"taxonomy":"post_tag","embeddable":true,"href":"https:\/\/www.locoxelrojo.com\/independiente\/wp-json\/wp\/v2\/tags?post=118051"}],"curies":[{"name":"wp","href":"https:\/\/api.w.org\/{rel}","templated":true}]}}