{"id":118129,"date":"2024-03-12T21:30:46","date_gmt":"2024-03-13T00:30:46","guid":{"rendered":"https:\/\/www.locoxelrojo.com\/independiente\/?p=118129"},"modified":"2024-03-12T21:53:46","modified_gmt":"2024-03-13T00:53:46","slug":"dia-hora-y-estadio-para-el-debut-por-copa-argentina","status":"publish","type":"post","link":"https:\/\/www.locoxelrojo.com\/independiente\/2024\/03\/12\/dia-hora-y-estadio-para-el-debut-por-copa-argentina\/","title":{"rendered":"D\u00eda, hora y estadio para el debut por Copa Argentina"},"content":{"rendered":"<p><strong>Independiente ya conoce el d\u00eda, el horario y el estadio para debutar frente a Deportivo Laferrere por la Copa Argentina.<\/strong><\/p>\n<p>El Rojo jugar\u00e1 los 32avos de final contra el Verde el <strong>viernes 22 de marzo a las 17:15 en La Fortaleza<\/strong>, cancha perteneciente al Club Atl\u00e9tico Lan\u00fas. Ese fin de semana no habr\u00e1 f\u00fatbol en la Copa de la Liga por la fecha FIFA.<\/p>\n<p>Para este encuentro, el equipo de Carlos Tevez <strong>no podr\u00e1 contar con Mauricio Isla<\/strong>, quien <a href=\"https:\/\/www.locoxelrojo.com\/independiente\/2024\/03\/08\/a-la-roja\/\">fue convocado a la Selecci\u00f3n de Chile<\/a>.<\/p>\n<p><strong>El \u00faltimo debut del Rojo por Copa Argentina fue frente a Ciudad de Bol\u00edvar<\/strong> en marzo de 2023. Independiente gan\u00f3 3-0 con goles de Mart\u00edn Cauteruccio, Nicol\u00e1s Vallejo y Mat\u00edas Gim\u00e9nez.<\/p>\n<p>En aquella edici\u00f3n, <strong>Estudiantes elimin\u00f3 al Rojo de la Copa por penales en cuartos de final<\/strong>. Luego termin\u00f3 consagr\u00e1ndose campe\u00f3n.<\/p>\n<blockquote class=\"twitter-tweet\" data-width=\"550\" data-dnt=\"true\">\n<p lang=\"es\" dir=\"ltr\">\u26bd [PARTIDO CONFIRMADO] \u26bd<a href=\"https:\/\/twitter.com\/Independiente?ref_src=twsrc%5Etfw\">@Independiente<\/a> \ud83c\udd9a <a href=\"https:\/\/twitter.com\/LafeOficial?ref_src=twsrc%5Etfw\">@LafeOficial<\/a><\/p>\n<p>\ud83e\udd47 32avos de Final<br \/>\ud83d\uddd3\ufe0f Viernes 22\/3<br \/>\u231a 17.15 hs<br \/>\ud83c\udfdf\ufe0f Ciudad de <a href=\"https:\/\/twitter.com\/clublanus?ref_src=twsrc%5Etfw\">@clublanus<\/a> <a href=\"https:\/\/twitter.com\/hashtag\/CopaArgentinaAXIONenergy?src=hash&amp;ref_src=twsrc%5Etfw\">#CopaArgentinaAXIONenergy<\/a> \ud83c\udfc6\ud83c\udde6\ud83c\uddf7<a href=\"https:\/\/twitter.com\/hashtag\/NuestraCopa?src=hash&amp;ref_src=twsrc%5Etfw\">#NuestraCopa<\/a> \ud83d\ude4c<\/p>\n<p>&mdash; Copa Argentina AXION energy (@Copa_Argentina) <a href=\"https:\/\/twitter.com\/Copa_Argentina\/status\/1767611295744905455?ref_src=twsrc%5Etfw\">March 12, 2024<\/a><\/p><\/blockquote>\n<p><script async src=\"https:\/\/platform.twitter.com\/widgets.js\" charset=\"utf-8\"><\/script><\/p>\n","protected":false},"excerpt":{"rendered":"<p>Independiente ya conoce el d\u00eda, el horario y el estadio para debutar frente a Deportivo Laferrere por la Copa Argentina. El Rojo jugar\u00e1 los 32avos de final contra el Verde el viernes 22 de marzo a las 17:15 en La Fortaleza, cancha perteneciente al Club Atl\u00e9tico Lan\u00fas. Ese fin de semana no habr\u00e1 f\u00fatbol en [&hellip;]<\/p>\n","protected":false},"author":101035,"featured_media":116572,"comment_status":"open","ping_status":"closed","sticky":false,"template":"","format":"standard","meta":{"_links_to":"","_links_to_target":""},"categories":[800,3247],"tags":[153,5559,5560],"_links":{"self":[{"href":"https:\/\/www.locoxelrojo.com\/independiente\/wp-json\/wp\/v2\/posts\/118129"}],"collection":[{"href":"https:\/\/www.locoxelrojo.com\/independiente\/wp-json\/wp\/v2\/posts"}],"about":[{"href":"https:\/\/www.locoxelrojo.com\/independiente\/wp-json\/wp\/v2\/types\/post"}],"author":[{"embeddable":true,"href":"https:\/\/www.locoxelrojo.com\/independiente\/wp-json\/wp\/v2\/users\/101035"}],"replies":[{"embeddable":true,"href":"https:\/\/www.locoxelrojo.com\/independiente\/wp-json\/wp\/v2\/comments?post=118129"}],"version-history":[{"count":2,"href":"https:\/\/www.locoxelrojo.com\/independiente\/wp-json\/wp\/v2\/posts\/118129\/revisions"}],"predecessor-version":[{"id":118131,"href":"https:\/\/www.locoxelrojo.com\/independiente\/wp-json\/wp\/v2\/posts\/118129\/revisions\/118131"}],"wp:featuredmedia":[{"embeddable":true,"href":"https:\/\/www.locoxelrojo.com\/independiente\/wp-json\/wp\/v2\/media\/116572"}],"wp:attachment":[{"href":"https:\/\/www.locoxelrojo.com\/independiente\/wp-json\/wp\/v2\/media?parent=118129"}],"wp:term":[{"taxonomy":"category","embeddable":true,"href":"https:\/\/www.locoxelrojo.com\/independiente\/wp-json\/wp\/v2\/categories?post=118129"},{"taxonomy":"post_tag","embeddable":true,"href":"https:\/\/www.locoxelrojo.com\/independiente\/wp-json\/wp\/v2\/tags?post=118129"}],"curies":[{"name":"wp","href":"https:\/\/api.w.org\/{rel}","templated":true}]}}