{"id":118195,"date":"2024-03-16T20:14:03","date_gmt":"2024-03-16T23:14:03","guid":{"rendered":"https:\/\/www.locoxelrojo.com\/independiente\/?p=118195"},"modified":"2024-03-16T20:32:58","modified_gmt":"2024-03-16T23:32:58","slug":"laso-se-pierde-el-proximo","status":"publish","type":"post","link":"https:\/\/www.locoxelrojo.com\/independiente\/2024\/03\/16\/laso-se-pierde-el-proximo\/","title":{"rendered":"Laso se pierde el pr\u00f3ximo"},"content":{"rendered":"<p><strong>Joaqu\u00edn Laso lleg\u00f3 a las cinco amarillas ante Deportivo Riestra y se perder\u00e1 el pr\u00f3ximo partido de Independiente en la Copa de la Liga.<\/strong><\/p>\n<p>El defensor fue amonestado a los 23 minutos del primer tiempo en el Estadio Guillermo Laza y sum\u00f3 su quinta amarilla en el campeonato. Poco despu\u00e9s, <strong>dej\u00f3 la cancha por una molestia en el muslo<\/strong>\u00a0y fue reemplazado por Alex Luna.<\/p>\n<p>Por la sanci\u00f3n, <strong>Laso no podr\u00e1 estar en el encuentro con Atl\u00e9tico Tucum\u00e1n en Avellaneda<\/strong>, que se jugar\u00e1 dentro de dos semanas. Pero antes de ese partido, el Rojo debe jugar contra Laferrere por Copa Argentina (viernes 17:15) y la presencia del 2 est\u00e1 en duda.<\/p>\n<p>El cuerpo t\u00e9cnico seguir\u00e1 de cerca la evoluci\u00f3n de Laso. Si no llega en condiciones al viernes, <strong>es probable que Juan Manuel Fedorco ocupe su lugar<\/strong> y que tambi\u00e9n lo reemplace contra el Decano.<\/p>\n","protected":false},"excerpt":{"rendered":"<p>Joaqu\u00edn Laso lleg\u00f3 a las cinco amarillas ante Deportivo Riestra y se perder\u00e1 el pr\u00f3ximo partido de Independiente en la Copa de la Liga. El defensor fue amonestado a los 23 minutos del primer tiempo en el Estadio Guillermo Laza y sum\u00f3 su quinta amarilla en el campeonato. Poco despu\u00e9s, dej\u00f3 la cancha por una [&hellip;]<\/p>\n","protected":false},"author":8,"featured_media":118196,"comment_status":"open","ping_status":"closed","sticky":false,"template":"","format":"standard","meta":{"_links_to":"","_links_to_target":""},"categories":[3247,3],"tags":[153,5550,3373,4923],"_links":{"self":[{"href":"https:\/\/www.locoxelrojo.com\/independiente\/wp-json\/wp\/v2\/posts\/118195"}],"collection":[{"href":"https:\/\/www.locoxelrojo.com\/independiente\/wp-json\/wp\/v2\/posts"}],"about":[{"href":"https:\/\/www.locoxelrojo.com\/independiente\/wp-json\/wp\/v2\/types\/post"}],"author":[{"embeddable":true,"href":"https:\/\/www.locoxelrojo.com\/independiente\/wp-json\/wp\/v2\/users\/8"}],"replies":[{"embeddable":true,"href":"https:\/\/www.locoxelrojo.com\/independiente\/wp-json\/wp\/v2\/comments?post=118195"}],"version-history":[{"count":1,"href":"https:\/\/www.locoxelrojo.com\/independiente\/wp-json\/wp\/v2\/posts\/118195\/revisions"}],"predecessor-version":[{"id":118197,"href":"https:\/\/www.locoxelrojo.com\/independiente\/wp-json\/wp\/v2\/posts\/118195\/revisions\/118197"}],"wp:featuredmedia":[{"embeddable":true,"href":"https:\/\/www.locoxelrojo.com\/independiente\/wp-json\/wp\/v2\/media\/118196"}],"wp:attachment":[{"href":"https:\/\/www.locoxelrojo.com\/independiente\/wp-json\/wp\/v2\/media?parent=118195"}],"wp:term":[{"taxonomy":"category","embeddable":true,"href":"https:\/\/www.locoxelrojo.com\/independiente\/wp-json\/wp\/v2\/categories?post=118195"},{"taxonomy":"post_tag","embeddable":true,"href":"https:\/\/www.locoxelrojo.com\/independiente\/wp-json\/wp\/v2\/tags?post=118195"}],"curies":[{"name":"wp","href":"https:\/\/api.w.org\/{rel}","templated":true}]}}