{"id":118255,"date":"2024-03-21T22:15:33","date_gmt":"2024-03-22T01:15:33","guid":{"rendered":"https:\/\/www.locoxelrojo.com\/independiente\/?p=118255"},"modified":"2024-03-21T22:16:05","modified_gmt":"2024-03-22T01:16:05","slug":"laso-descartado","status":"publish","type":"post","link":"https:\/\/www.locoxelrojo.com\/independiente\/2024\/03\/21\/laso-descartado\/","title":{"rendered":"Laso descartado"},"content":{"rendered":"<p><strong>Joaqu\u00edn Laso qued\u00f3 descartado para el partido ante Deportivo Laferrere por los 32avos de Copa Argentina.<\/strong><\/p>\n<p>Luego de <strong>la sobrecarga en el aductor <\/strong>que sufri\u00f3 frente a Deportivo Riestra, se entren\u00f3 de manera diferenciada durante toda la semana. A esta altura,<strong> el defensor contin\u00faa con molestias y, desde el cuerpo m\u00e9dico, prefieren no arriesgarlo<\/strong> y tratar que llegue est\u00e9 en \u00f3ptimas condiciones para la recta final de la Copa de la Liga.<\/p>\n<p>Quien tiene todas las fichas para ser su reemplazante es <strong>Juan Manuel Fedorco<\/strong>. El zaguero, que perdi\u00f3 la titularidad en los \u00faltimos encuentros, p<strong>odr\u00eda ser la dupla de centrales junto a Ayrton Costa<\/strong>. Ser\u00e1 una buena oportunidad para volver a ganarse el puesto.<\/p>\n","protected":false},"excerpt":{"rendered":"<p>Joaqu\u00edn Laso qued\u00f3 descartado para el partido ante Deportivo Laferrere por los 32avos de Copa Argentina. Luego de la sobrecarga en el aductor que sufri\u00f3 frente a Deportivo Riestra, se entren\u00f3 de manera diferenciada durante toda la semana. A esta altura, el defensor contin\u00faa con molestias y, desde el cuerpo m\u00e9dico, prefieren no arriesgarlo y [&hellip;]<\/p>\n","protected":false},"author":101034,"featured_media":118256,"comment_status":"open","ping_status":"closed","sticky":false,"template":"","format":"standard","meta":{"_links_to":"","_links_to_target":""},"categories":[3247,3],"tags":[153,4923],"_links":{"self":[{"href":"https:\/\/www.locoxelrojo.com\/independiente\/wp-json\/wp\/v2\/posts\/118255"}],"collection":[{"href":"https:\/\/www.locoxelrojo.com\/independiente\/wp-json\/wp\/v2\/posts"}],"about":[{"href":"https:\/\/www.locoxelrojo.com\/independiente\/wp-json\/wp\/v2\/types\/post"}],"author":[{"embeddable":true,"href":"https:\/\/www.locoxelrojo.com\/independiente\/wp-json\/wp\/v2\/users\/101034"}],"replies":[{"embeddable":true,"href":"https:\/\/www.locoxelrojo.com\/independiente\/wp-json\/wp\/v2\/comments?post=118255"}],"version-history":[{"count":1,"href":"https:\/\/www.locoxelrojo.com\/independiente\/wp-json\/wp\/v2\/posts\/118255\/revisions"}],"predecessor-version":[{"id":118257,"href":"https:\/\/www.locoxelrojo.com\/independiente\/wp-json\/wp\/v2\/posts\/118255\/revisions\/118257"}],"wp:featuredmedia":[{"embeddable":true,"href":"https:\/\/www.locoxelrojo.com\/independiente\/wp-json\/wp\/v2\/media\/118256"}],"wp:attachment":[{"href":"https:\/\/www.locoxelrojo.com\/independiente\/wp-json\/wp\/v2\/media?parent=118255"}],"wp:term":[{"taxonomy":"category","embeddable":true,"href":"https:\/\/www.locoxelrojo.com\/independiente\/wp-json\/wp\/v2\/categories?post=118255"},{"taxonomy":"post_tag","embeddable":true,"href":"https:\/\/www.locoxelrojo.com\/independiente\/wp-json\/wp\/v2\/tags?post=118255"}],"curies":[{"name":"wp","href":"https:\/\/api.w.org\/{rel}","templated":true}]}}