{"id":118266,"date":"2024-03-21T23:20:48","date_gmt":"2024-03-22T02:20:48","guid":{"rendered":"https:\/\/www.locoxelrojo.com\/independiente\/?p=118266"},"modified":"2024-03-22T00:41:56","modified_gmt":"2024-03-22T03:41:56","slug":"concentrados-vs-laferrere-sin-laso-ni-gimenez","status":"publish","type":"post","link":"https:\/\/www.locoxelrojo.com\/independiente\/2024\/03\/21\/concentrados-vs-laferrere-sin-laso-ni-gimenez\/","title":{"rendered":"Concentrados vs. Laferrere: sin Laso ni Gim\u00e9nez"},"content":{"rendered":"<p><strong>Carlos Tevez<\/strong> dio la lista de jugadores concentrados para enfrentar a Deportivo Laferrere.<\/p>\n<p>Independiente juega este viernes en el estadio Ciudad de Lan\u00fas &#8211; N\u00e9stor D\u00edaz P\u00e9rez, por los 32avos de final de la Copa Argentina. Para este encuentro, <strong>el Apache decidi\u00f3 guardar a 23 futbolistas.<\/strong><\/p>\n<p>Entre ellos se destaca<a href=\"https:\/\/www.locoxelrojo.com\/independiente\/2024\/03\/21\/laso-descartado\/\"> la ausencia de Joaqu\u00edn Laso<\/a>,<strong> quien se pierde el partido por una sobrecarga en el aductor<\/strong>. Por su rotura de ligamentos, <a href=\"https:\/\/www.locoxelrojo.com\/independiente\/2024\/03\/18\/la-peor-noticia-para-gimenez\/\">Mat\u00edas Gim\u00e9nez tampoco aparece y no estar\u00e1 por un largo tiempo<\/a>. <strong>La buena noticia es el regreso de Iv\u00e1n Marcone.<\/strong><\/p>\n<h2>Los concentrados:<\/h2>\n<p><strong>Arqueros:<\/strong> Diego Segovia, Rodrigo Rey.<\/p>\n<p><strong>Defensores:<\/strong> Adri\u00e1n Sp\u00f6rle, Julio Buffarini, Dami\u00e1n P\u00e9rez, Felipe Aguilar, Juan Fedorco, Santiago Salle, Ayrton Costa.<\/p>\n<p><strong>Mediocampistas:<\/strong> Gabriel Neves, Santiago Toloza, Federico Mancuello, Lucas Gonz\u00e1lez, Alex Luna, David Mart\u00ednez, Iv\u00e1n Marcone, Diego Tarzia, Jhonny Qui\u00f1\u00f3nez.<\/p>\n<p><strong>Delanteros:<\/strong> Gabriel \u00c1valos, Ignacio Maestro Puch, Javier Ruiz, Santiago L\u00f3pez, Alexis Canelo.<\/p>\n<blockquote class=\"twitter-tweet\">\n<p dir=\"ltr\" lang=\"es\">Convocados por Carlos Tevez para los 32vos de Final de Copa Argentina ante Deportivo Laferrere.<a href=\"https:\/\/twitter.com\/hashtag\/TodoRojo?src=hash&amp;ref_src=twsrc%5Etfw\">#TodoRojo<\/a> <a href=\"https:\/\/t.co\/kUf3DhsVKH\">pic.twitter.com\/kUf3DhsVKH<\/a><\/p>\n<p>\u2014 C. A. Independiente (@Independiente) <a href=\"https:\/\/twitter.com\/Independiente\/status\/1770997291584733379?ref_src=twsrc%5Etfw\">March 22, 2024<\/a><\/p><\/blockquote>\n<p><script async src=\"https:\/\/platform.twitter.com\/widgets.js\" charset=\"utf-8\"><\/script><\/p>\n","protected":false},"excerpt":{"rendered":"<p>Carlos Tevez dio la lista de jugadores concentrados para enfrentar a Deportivo Laferrere. Independiente juega este viernes en el estadio Ciudad de Lan\u00fas &#8211; N\u00e9stor D\u00edaz P\u00e9rez, por los 32avos de final de la Copa Argentina. Para este encuentro, el Apache decidi\u00f3 guardar a 23 futbolistas. Entre ellos se destaca la ausencia de Joaqu\u00edn Laso, [&hellip;]<\/p>\n","protected":false},"author":1,"featured_media":116924,"comment_status":"open","ping_status":"closed","sticky":false,"template":"","format":"standard","meta":{"_links_to":"","_links_to_target":""},"categories":[3247,3],"tags":[153,5597,5559,5560,2729,4923,5326],"_links":{"self":[{"href":"https:\/\/www.locoxelrojo.com\/independiente\/wp-json\/wp\/v2\/posts\/118266"}],"collection":[{"href":"https:\/\/www.locoxelrojo.com\/independiente\/wp-json\/wp\/v2\/posts"}],"about":[{"href":"https:\/\/www.locoxelrojo.com\/independiente\/wp-json\/wp\/v2\/types\/post"}],"author":[{"embeddable":true,"href":"https:\/\/www.locoxelrojo.com\/independiente\/wp-json\/wp\/v2\/users\/1"}],"replies":[{"embeddable":true,"href":"https:\/\/www.locoxelrojo.com\/independiente\/wp-json\/wp\/v2\/comments?post=118266"}],"version-history":[{"count":2,"href":"https:\/\/www.locoxelrojo.com\/independiente\/wp-json\/wp\/v2\/posts\/118266\/revisions"}],"predecessor-version":[{"id":118268,"href":"https:\/\/www.locoxelrojo.com\/independiente\/wp-json\/wp\/v2\/posts\/118266\/revisions\/118268"}],"wp:featuredmedia":[{"embeddable":true,"href":"https:\/\/www.locoxelrojo.com\/independiente\/wp-json\/wp\/v2\/media\/116924"}],"wp:attachment":[{"href":"https:\/\/www.locoxelrojo.com\/independiente\/wp-json\/wp\/v2\/media?parent=118266"}],"wp:term":[{"taxonomy":"category","embeddable":true,"href":"https:\/\/www.locoxelrojo.com\/independiente\/wp-json\/wp\/v2\/categories?post=118266"},{"taxonomy":"post_tag","embeddable":true,"href":"https:\/\/www.locoxelrojo.com\/independiente\/wp-json\/wp\/v2\/tags?post=118266"}],"curies":[{"name":"wp","href":"https:\/\/api.w.org\/{rel}","templated":true}]}}