{"id":118277,"date":"2024-03-22T13:16:41","date_gmt":"2024-03-22T16:16:41","guid":{"rendered":"https:\/\/www.locoxelrojo.com\/independiente\/?p=118277"},"modified":"2024-03-22T13:16:41","modified_gmt":"2024-03-22T16:16:41","slug":"grindetti-lo-bancamos-a-tevez-y-queremos-que-cumpla-los-3-anos","status":"publish","type":"post","link":"https:\/\/www.locoxelrojo.com\/independiente\/2024\/03\/22\/grindetti-lo-bancamos-a-tevez-y-queremos-que-cumpla-los-3-anos\/","title":{"rendered":"Grindetti: &#8220;Lo bancamos a Tevez y queremos que cumpla los 3 a\u00f1os&#8221;"},"content":{"rendered":"<p><strong>N\u00e9stor Grindetti<\/strong> se refiri\u00f3 a los rumores que hay desde hace varios d\u00edas sobre el futuro de Carlos Tevez.<\/p>\n<p><strong>La derrota con Deportivo Riestra y todo lo que ocurri\u00f3 luego del partido con Barracas Central, desconfiguraron el d\u00eda a d\u00eda de Independiente y le abrieron la puerta al run run medi\u00e1tico sobre qu\u00e9 pasar\u00e1 con el DT<\/strong>. Justo cuando se viene el choque por Copa Argentina frente a Deportivo Laferrere y la definici\u00f3n de la Copa de la Liga.<\/p>\n<p><strong>&#8220;Nosotros estamos conformes con Carlos Tevez por los puntos que cosech\u00f3 y por su parte humana. Lo veo muy sereno, muy tranquilo y seguro de s\u00ed mismo&#8221;<\/strong>, manifest\u00f3. <strong>&#8220;Planeamos un proyecto a largo plazo y aspiro a que contin\u00fae en cualquier circunstancia. Lo bancamos y queremos que cumpla los 3 a\u00f1os de contrato&#8221;<\/strong>, agreg\u00f3 en di\u00e1logo con Radio Mitre.<\/p>\n<p>Encima, reapareci\u00f3 en la escena Ariel Holan, con declaraciones que sacudieron el mundo Rojo. <strong>&#8220;No hay ninguna especulaci\u00f3n. Holan sali\u00f3 campe\u00f3n en 2017 y en esa condici\u00f3n est\u00e1 invitado a la Noche del Rey, no hay nada detr\u00e1s. Es el \u00faltimo t\u00e9cnico campe\u00f3n y nos pareci\u00f3 que correspond\u00eda, apoyamos a Tevez y ser\u00eda de pocos valores que Holan lo reemplace en lo inmediato&#8221;<\/strong>, cerr\u00f3.<\/p>\n","protected":false},"excerpt":{"rendered":"<p>N\u00e9stor Grindetti se refiri\u00f3 a los rumores que hay desde hace varios d\u00edas sobre el futuro de Carlos Tevez. La derrota con Deportivo Riestra y todo lo que ocurri\u00f3 luego del partido con Barracas Central, desconfiguraron el d\u00eda a d\u00eda de Independiente y le abrieron la puerta al run run medi\u00e1tico sobre qu\u00e9 pasar\u00e1 con [&hellip;]<\/p>\n","protected":false},"author":1,"featured_media":116438,"comment_status":"open","ping_status":"closed","sticky":false,"template":"","format":"standard","meta":{"_links_to":"","_links_to_target":""},"categories":[3280,3247],"tags":[5279,153,1455],"_links":{"self":[{"href":"https:\/\/www.locoxelrojo.com\/independiente\/wp-json\/wp\/v2\/posts\/118277"}],"collection":[{"href":"https:\/\/www.locoxelrojo.com\/independiente\/wp-json\/wp\/v2\/posts"}],"about":[{"href":"https:\/\/www.locoxelrojo.com\/independiente\/wp-json\/wp\/v2\/types\/post"}],"author":[{"embeddable":true,"href":"https:\/\/www.locoxelrojo.com\/independiente\/wp-json\/wp\/v2\/users\/1"}],"replies":[{"embeddable":true,"href":"https:\/\/www.locoxelrojo.com\/independiente\/wp-json\/wp\/v2\/comments?post=118277"}],"version-history":[{"count":1,"href":"https:\/\/www.locoxelrojo.com\/independiente\/wp-json\/wp\/v2\/posts\/118277\/revisions"}],"predecessor-version":[{"id":118278,"href":"https:\/\/www.locoxelrojo.com\/independiente\/wp-json\/wp\/v2\/posts\/118277\/revisions\/118278"}],"wp:featuredmedia":[{"embeddable":true,"href":"https:\/\/www.locoxelrojo.com\/independiente\/wp-json\/wp\/v2\/media\/116438"}],"wp:attachment":[{"href":"https:\/\/www.locoxelrojo.com\/independiente\/wp-json\/wp\/v2\/media?parent=118277"}],"wp:term":[{"taxonomy":"category","embeddable":true,"href":"https:\/\/www.locoxelrojo.com\/independiente\/wp-json\/wp\/v2\/categories?post=118277"},{"taxonomy":"post_tag","embeddable":true,"href":"https:\/\/www.locoxelrojo.com\/independiente\/wp-json\/wp\/v2\/tags?post=118277"}],"curies":[{"name":"wp","href":"https:\/\/api.w.org\/{rel}","templated":true}]}}