{"id":118363,"date":"2024-03-30T17:09:44","date_gmt":"2024-03-30T20:09:44","guid":{"rendered":"https:\/\/www.locoxelrojo.com\/independiente\/?p=118363"},"modified":"2024-03-30T18:26:09","modified_gmt":"2024-03-30T21:26:09","slug":"con-parmo-y-fleitas-la-sub-17-quedo-afuera-en-un-partido-polemico","status":"publish","type":"post","link":"https:\/\/www.locoxelrojo.com\/independiente\/2024\/03\/30\/con-parmo-y-fleitas-la-sub-17-quedo-afuera-en-un-partido-polemico\/","title":{"rendered":"Con Parmo y Fleitas, la Sub 17 qued\u00f3 afuera en un partido pol\u00e9mico"},"content":{"rendered":"<p><strong>En un partido lleno de pol\u00e9micas, la Selecci\u00f3n Argentina Sub 17 perdi\u00f3 2-1 ante Francia y qued\u00f3 afuera del Mundial de F\u00fatbol Montaigu. Diego Fleitas y Tom\u00e1s Parmo fueron titulares.<\/strong><\/p>\n<p>El equipo de Diego Placente estaba obligado a ganar para jugar la final del torneo juvenil, pero no pudo ante el conjunto local en un encuentro lleno de momentos de tensi\u00f3n y que termin\u00f3 con una pelea entre los jugadores.<strong> Los dos pibes de Independiente jugaron desde el arranque<\/strong>.<\/p>\n<p>El partido empez\u00f3 con un penal discutible para Francia que Djylian N\u2019guessan cambi\u00f3 por gol. M\u00e1s tarde, <strong>Parmo arm\u00f3 una linda jugada para dejar mano a mano a Felipe Esquivel<\/strong>, quien convirti\u00f3 el 1-1. Sin embargo, el \u00e1rbitro anul\u00f3 el gol. Nadie sabe qu\u00e9 cobr\u00f3.<\/p>\n<blockquote class=\"twitter-tweet\" data-width=\"550\" data-dnt=\"true\">\n<p lang=\"es\" dir=\"ltr\">El gol que le anularon a la Sub 17 en Francia.<\/p>\n<p>Ins\u00f3lito. \ud83d\ude33\ud83c\uddeb\ud83c\uddf7<a href=\"https:\/\/t.co\/dA7KY1aKPE\">pic.twitter.com\/dA7KY1aKPE<\/a><\/p>\n<p>&mdash; Sudanalytics (@sudanalytics_) <a href=\"https:\/\/twitter.com\/sudanalytics_\/status\/1774130641132507354?ref_src=twsrc%5Etfw\">March 30, 2024<\/a><\/p><\/blockquote>\n<p><script async src=\"https:\/\/platform.twitter.com\/widgets.js\" charset=\"utf-8\"><\/script><\/p>\n<p>Ya en el complemento, Racmi Himbert ampli\u00f3 la ventaja para el local, mientras que la Albiceleste descont\u00f3 con un remate de Santiago Esp\u00edndola que desvi\u00f3 Thomas de Martis. El partido termin\u00f3 2-1 y se arm\u00f3 <strong>un tumulto en el que hubo empujones y manotazos<\/strong>.<\/p>\n<p>El resultado dej\u00f3 a Francia como l\u00edder con 5 puntos, seguido por Costa de Marfil (4), Argentina (3) y Arabia Saudita (0). Al equipo de Placente le queda<strong> jugar por el 5\u00ba puesto contra Rep\u00fablica Checa el pr\u00f3ximo lunes<\/strong>.<\/p>\n","protected":false},"excerpt":{"rendered":"<p>En un partido lleno de pol\u00e9micas, la Selecci\u00f3n Argentina Sub 17 perdi\u00f3 2-1 ante Francia y qued\u00f3 afuera del Mundial de F\u00fatbol Montaigu. Diego Fleitas y Tom\u00e1s Parmo fueron titulares. El equipo de Diego Placente estaba obligado a ganar para jugar la final del torneo juvenil, pero no pudo ante el conjunto local en un [&hellip;]<\/p>\n","protected":false},"author":8,"featured_media":118365,"comment_status":"open","ping_status":"closed","sticky":false,"template":"","format":"standard","meta":{"_links_to":"","_links_to_target":""},"categories":[3247,3281],"tags":[5177,5596,227,4077,5165],"_links":{"self":[{"href":"https:\/\/www.locoxelrojo.com\/independiente\/wp-json\/wp\/v2\/posts\/118363"}],"collection":[{"href":"https:\/\/www.locoxelrojo.com\/independiente\/wp-json\/wp\/v2\/posts"}],"about":[{"href":"https:\/\/www.locoxelrojo.com\/independiente\/wp-json\/wp\/v2\/types\/post"}],"author":[{"embeddable":true,"href":"https:\/\/www.locoxelrojo.com\/independiente\/wp-json\/wp\/v2\/users\/8"}],"replies":[{"embeddable":true,"href":"https:\/\/www.locoxelrojo.com\/independiente\/wp-json\/wp\/v2\/comments?post=118363"}],"version-history":[{"count":1,"href":"https:\/\/www.locoxelrojo.com\/independiente\/wp-json\/wp\/v2\/posts\/118363\/revisions"}],"predecessor-version":[{"id":118364,"href":"https:\/\/www.locoxelrojo.com\/independiente\/wp-json\/wp\/v2\/posts\/118363\/revisions\/118364"}],"wp:featuredmedia":[{"embeddable":true,"href":"https:\/\/www.locoxelrojo.com\/independiente\/wp-json\/wp\/v2\/media\/118365"}],"wp:attachment":[{"href":"https:\/\/www.locoxelrojo.com\/independiente\/wp-json\/wp\/v2\/media?parent=118363"}],"wp:term":[{"taxonomy":"category","embeddable":true,"href":"https:\/\/www.locoxelrojo.com\/independiente\/wp-json\/wp\/v2\/categories?post=118363"},{"taxonomy":"post_tag","embeddable":true,"href":"https:\/\/www.locoxelrojo.com\/independiente\/wp-json\/wp\/v2\/tags?post=118363"}],"curies":[{"name":"wp","href":"https:\/\/api.w.org\/{rel}","templated":true}]}}