{"id":118525,"date":"2024-04-09T15:14:14","date_gmt":"2024-04-09T18:14:14","guid":{"rendered":"https:\/\/www.locoxelrojo.com\/independiente\/?p=118525"},"modified":"2024-04-09T19:19:38","modified_gmt":"2024-04-09T22:19:38","slug":"de-irastorza-firmo-su-primer-contrato","status":"publish","type":"post","link":"https:\/\/www.locoxelrojo.com\/independiente\/2024\/04\/09\/de-irastorza-firmo-su-primer-contrato\/","title":{"rendered":"De Irastorza firm\u00f3 su primer contrato"},"content":{"rendered":"<p><strong>Jonathan De Irastorza, jugador de la Reserva de Independiente, firm\u00f3 por primera vez un contrato profesional con el club.<\/strong><\/p>\n<p>El lateral izquierdo de 18 a\u00f1os, que viene acumulando buenas actuaciones en el equipo dirigido por Pedro Monz\u00f3n, firm\u00f3 un contrato <strong>por 3 a\u00f1os, hasta diciembre del a\u00f1o 2026<\/strong>.<\/p>\n<p>Su cl\u00e1usula de salida se estableci\u00f3 en los <strong>20.000.000 de euros<\/strong> netos. El jugador ya pos\u00f3 con la camiseta tras estampar la firma.<\/p>\n<p>\u00a1Vamos Zamba!<\/p>\n<blockquote class=\"twitter-tweet\" data-width=\"550\" data-dnt=\"true\">\n<p lang=\"es\" dir=\"ltr\">\u270d\ufe0f Jonathan De Irastorza firm\u00f3 su primer contrato con <a href=\"https:\/\/twitter.com\/hashtag\/Independiente?src=hash&amp;ref_src=twsrc%5Etfw\">#Independiente<\/a>.<\/p>\n<p>El lateral izquierdo, actualmente en Reserva, ya es parte del Rey de Copas hasta diciembre de 2026.<\/p>\n<p>\u00a1Vamos Zamba! \ud83d\udd25<a href=\"https:\/\/twitter.com\/hashtag\/TodoRojo?src=hash&amp;ref_src=twsrc%5Etfw\">#TodoRojo<\/a> \ud83d\udd34 <a href=\"https:\/\/t.co\/ToT9LJM1Vz\">pic.twitter.com\/ToT9LJM1Vz<\/a><\/p>\n<p>&mdash; C. A. Independiente (@Independiente) <a href=\"https:\/\/twitter.com\/Independiente\/status\/1777759608007753892?ref_src=twsrc%5Etfw\">April 9, 2024<\/a><\/p><\/blockquote>\n<p><script async src=\"https:\/\/platform.twitter.com\/widgets.js\" charset=\"utf-8\"><\/script><\/p>\n","protected":false},"excerpt":{"rendered":"<p>Jonathan De Irastorza, jugador de la Reserva de Independiente, firm\u00f3 por primera vez un contrato profesional con el club. El lateral izquierdo de 18 a\u00f1os, que viene acumulando buenas actuaciones en el equipo dirigido por Pedro Monz\u00f3n, firm\u00f3 un contrato por 3 a\u00f1os, hasta diciembre del a\u00f1o 2026. Su cl\u00e1usula de salida se estableci\u00f3 en [&hellip;]<\/p>\n","protected":false},"author":101036,"featured_media":118526,"comment_status":"open","ping_status":"closed","sticky":false,"template":"","format":"standard","meta":{"_links_to":"","_links_to_target":""},"categories":[3280,3247],"tags":[153,4188],"_links":{"self":[{"href":"https:\/\/www.locoxelrojo.com\/independiente\/wp-json\/wp\/v2\/posts\/118525"}],"collection":[{"href":"https:\/\/www.locoxelrojo.com\/independiente\/wp-json\/wp\/v2\/posts"}],"about":[{"href":"https:\/\/www.locoxelrojo.com\/independiente\/wp-json\/wp\/v2\/types\/post"}],"author":[{"embeddable":true,"href":"https:\/\/www.locoxelrojo.com\/independiente\/wp-json\/wp\/v2\/users\/101036"}],"replies":[{"embeddable":true,"href":"https:\/\/www.locoxelrojo.com\/independiente\/wp-json\/wp\/v2\/comments?post=118525"}],"version-history":[{"count":1,"href":"https:\/\/www.locoxelrojo.com\/independiente\/wp-json\/wp\/v2\/posts\/118525\/revisions"}],"predecessor-version":[{"id":118527,"href":"https:\/\/www.locoxelrojo.com\/independiente\/wp-json\/wp\/v2\/posts\/118525\/revisions\/118527"}],"wp:featuredmedia":[{"embeddable":true,"href":"https:\/\/www.locoxelrojo.com\/independiente\/wp-json\/wp\/v2\/media\/118526"}],"wp:attachment":[{"href":"https:\/\/www.locoxelrojo.com\/independiente\/wp-json\/wp\/v2\/media?parent=118525"}],"wp:term":[{"taxonomy":"category","embeddable":true,"href":"https:\/\/www.locoxelrojo.com\/independiente\/wp-json\/wp\/v2\/categories?post=118525"},{"taxonomy":"post_tag","embeddable":true,"href":"https:\/\/www.locoxelrojo.com\/independiente\/wp-json\/wp\/v2\/tags?post=118525"}],"curies":[{"name":"wp","href":"https:\/\/api.w.org\/{rel}","templated":true}]}}