{"id":118634,"date":"2024-04-20T20:04:07","date_gmt":"2024-04-20T23:04:07","guid":{"rendered":"https:\/\/www.locoxelrojo.com\/independiente\/?p=118634"},"modified":"2024-04-21T20:30:03","modified_gmt":"2024-04-21T23:30:03","slug":"rechazado","status":"publish","type":"post","link":"https:\/\/www.locoxelrojo.com\/independiente\/2024\/04\/20\/rechazado\/","title":{"rendered":"Rechazado"},"content":{"rendered":"<p><strong>Javier Cantero<\/strong>, ex presidente de Independiente, perdi\u00f3 un juicio contra el club.<\/p>\n<p><strong>El Juzgado en lo Civil y Comercial N\u00b01 de Avellaneda fall\u00f3 contra Cantero en una demanda que realiz\u00f3 contra la instituci\u00f3n en el 2020.<\/strong><\/p>\n<p>\u00bfDe qu\u00e9 se trata? En la Asamblea Extraordinaria celebrada el d\u00eda 26 de septiembre del 2019 durante la gesti\u00f3n de Hugo Moyano, <strong>se decidi\u00f3 la expulsi\u00f3n como socios de Cantero, junto a otros ex dirigentes, entre los que se encontraban Luis Felice y Pedro Larralde.<\/strong> Esto deriv\u00f3 en un juicio con la intenci\u00f3n de recuperar su estado de socio activo.<\/p>\n<p><strong>&#8220;Rechazar la demanda interpuesta por V\u00edctor Javier Cantero reclamando la nulidad de la resoluci\u00f3n dictada por la Asamblea Extraordinaria celebrada por la demandad en fecha 26\/9\/2019&#8221;<\/strong>, dice el fallo. Entre los principales motivos, manifiesta que nunca se present\u00f3 en la Sede Social, en su debido momento, para realizar su defensa.<\/p>\n<p><strong>A los que ensuciaron el nombre Independiente es mejor tenerlos lejos, eso s\u00ed, en la lista faltan varios nombres que deber\u00edan correr la misma suerte.<\/strong><\/p>\n","protected":false},"excerpt":{"rendered":"<p>Javier Cantero, ex presidente de Independiente, perdi\u00f3 un juicio contra el club. El Juzgado en lo Civil y Comercial N\u00b01 de Avellaneda fall\u00f3 contra Cantero en una demanda que realiz\u00f3 contra la instituci\u00f3n en el 2020. \u00bfDe qu\u00e9 se trata? En la Asamblea Extraordinaria celebrada el d\u00eda 26 de septiembre del 2019 durante la gesti\u00f3n [&hellip;]<\/p>\n","protected":false},"author":1,"featured_media":83704,"comment_status":"open","ping_status":"closed","sticky":false,"template":"","format":"standard","meta":{"_links_to":"","_links_to_target":""},"categories":[3280,3247],"tags":[153,723],"_links":{"self":[{"href":"https:\/\/www.locoxelrojo.com\/independiente\/wp-json\/wp\/v2\/posts\/118634"}],"collection":[{"href":"https:\/\/www.locoxelrojo.com\/independiente\/wp-json\/wp\/v2\/posts"}],"about":[{"href":"https:\/\/www.locoxelrojo.com\/independiente\/wp-json\/wp\/v2\/types\/post"}],"author":[{"embeddable":true,"href":"https:\/\/www.locoxelrojo.com\/independiente\/wp-json\/wp\/v2\/users\/1"}],"replies":[{"embeddable":true,"href":"https:\/\/www.locoxelrojo.com\/independiente\/wp-json\/wp\/v2\/comments?post=118634"}],"version-history":[{"count":1,"href":"https:\/\/www.locoxelrojo.com\/independiente\/wp-json\/wp\/v2\/posts\/118634\/revisions"}],"predecessor-version":[{"id":118635,"href":"https:\/\/www.locoxelrojo.com\/independiente\/wp-json\/wp\/v2\/posts\/118634\/revisions\/118635"}],"wp:featuredmedia":[{"embeddable":true,"href":"https:\/\/www.locoxelrojo.com\/independiente\/wp-json\/wp\/v2\/media\/83704"}],"wp:attachment":[{"href":"https:\/\/www.locoxelrojo.com\/independiente\/wp-json\/wp\/v2\/media?parent=118634"}],"wp:term":[{"taxonomy":"category","embeddable":true,"href":"https:\/\/www.locoxelrojo.com\/independiente\/wp-json\/wp\/v2\/categories?post=118634"},{"taxonomy":"post_tag","embeddable":true,"href":"https:\/\/www.locoxelrojo.com\/independiente\/wp-json\/wp\/v2\/tags?post=118634"}],"curies":[{"name":"wp","href":"https:\/\/api.w.org\/{rel}","templated":true}]}}