{"id":11888,"date":"2011-10-13T15:19:39","date_gmt":"2011-10-13T18:19:39","guid":{"rendered":"http:\/\/www.locoxelrojo.com.ar\/independiente\/?p=11888"},"modified":"2015-09-16T01:14:19","modified_gmt":"2015-09-16T04:14:19","slug":"20-concentrados","status":"publish","type":"post","link":"https:\/\/www.locoxelrojo.com\/independiente\/2011\/10\/13\/20-concentrados\/","title":{"rendered":"Concentrados vs. Godoy Cruz"},"content":{"rendered":"<p><a href=\"http:\/\/www.locoxelrojo.com.ar\/independiente\/wp-content\/uploads\/2011\/10\/fredes.jpg\"><img loading=\"lazy\" class=\"alignnone size-full wp-image-11889\" title=\"fredes\" src=\"http:\/\/www.locoxelrojo.com.ar\/independiente\/wp-content\/uploads\/2011\/10\/fredes.jpg\" alt=\"\" width=\"590\" height=\"315\" srcset=\"https:\/\/locoxelrojo.com\/independiente\/wp-content\/uploads\/2011\/10\/fredes.jpg 590w, https:\/\/locoxelrojo.com\/independiente\/wp-content\/uploads\/2011\/10\/fredes-300x160.jpg 300w\" sizes=\"(max-width: 590px) 100vw, 590px\" \/><\/a><\/p>\n<p>Ram\u00f3n D\u00edaz dio la n\u00f3mina de jugadores afectados para el partido que Independiente disputar\u00e1 el pr\u00f3ximo s\u00e1bado a las 14 horas frente a Godoy Cruz. Entre los arqueros, qued\u00f3 afuera Hilario Navarro. Adem\u00e1s, Ram\u00f3n incluy\u00f3 entre los defensores a Gabriel Vall\u00e9s relegando a Leonel Galeano quien ayer ni siquiera ocup\u00f3 un lugar en el banco de los suplentes.<\/p>\n<p>Entre los volantes se destaca la vuelta de Nicol\u00e1s Cabrera y la salida de Nicol\u00e1s Delmonte. Adem\u00e1s, regres\u00f3 Hernan Fredes y Marco P\u00e9rez sustituir\u00e1 a Brian Nieva. A continuaci\u00f3n, la lista completa:<\/p>\n<p><strong>Arqueros:<\/strong> Fabi\u00e1n Assmann y Adri\u00e1n Gabbarini.<br \/>\n<strong>Defensores:<\/strong> Maximiliano Vel\u00e1zquez, Eduardo Tuzzio, Gabriel Milito, Juli\u00e1n Vel\u00e1zquez, Adri\u00e1n Argach\u00e1, Carlos Matheu y Gabriel Vall\u00e9s.<br \/>\n<strong>Volantes:<\/strong> Cristian Pellerano, Fernando Godoy, Osmar Ferreyra, Nicol\u00e1s Cabrera, Hern\u00e1n Fredes e Iv\u00e1n P\u00e9rez.<br \/>\n<strong>Delanteros:<\/strong> Mat\u00edas Defederico, Patricio Rodr\u00edguez, Facundo Parra, Leonel N\u00fa\u00f1ez y Marco P\u00e9rez.<\/p>\n","protected":false},"excerpt":{"rendered":"<p>Ram\u00f3n D\u00edaz dio la n\u00f3mina de jugadores afectados para el partido que Independiente disputar\u00e1 el pr\u00f3ximo s\u00e1bado a las 14 horas frente a Godoy Cruz. Entre los arqueros, qued\u00f3 afuera Hilario Navarro. Adem\u00e1s, Ram\u00f3n incluy\u00f3 entre los defensores a Gabriel Vall\u00e9s relegando a Leonel Galeano quien ayer ni siquiera ocup\u00f3 un lugar en el banco [&hellip;]<\/p>\n","protected":false},"author":1,"featured_media":0,"comment_status":"open","ping_status":"open","sticky":false,"template":"","format":"standard","meta":{"_links_to":"","_links_to_target":""},"categories":[3,1],"tags":[972,153,3033],"_links":{"self":[{"href":"https:\/\/www.locoxelrojo.com\/independiente\/wp-json\/wp\/v2\/posts\/11888"}],"collection":[{"href":"https:\/\/www.locoxelrojo.com\/independiente\/wp-json\/wp\/v2\/posts"}],"about":[{"href":"https:\/\/www.locoxelrojo.com\/independiente\/wp-json\/wp\/v2\/types\/post"}],"author":[{"embeddable":true,"href":"https:\/\/www.locoxelrojo.com\/independiente\/wp-json\/wp\/v2\/users\/1"}],"replies":[{"embeddable":true,"href":"https:\/\/www.locoxelrojo.com\/independiente\/wp-json\/wp\/v2\/comments?post=11888"}],"version-history":[{"count":0,"href":"https:\/\/www.locoxelrojo.com\/independiente\/wp-json\/wp\/v2\/posts\/11888\/revisions"}],"wp:attachment":[{"href":"https:\/\/www.locoxelrojo.com\/independiente\/wp-json\/wp\/v2\/media?parent=11888"}],"wp:term":[{"taxonomy":"category","embeddable":true,"href":"https:\/\/www.locoxelrojo.com\/independiente\/wp-json\/wp\/v2\/categories?post=11888"},{"taxonomy":"post_tag","embeddable":true,"href":"https:\/\/www.locoxelrojo.com\/independiente\/wp-json\/wp\/v2\/tags?post=11888"}],"curies":[{"name":"wp","href":"https:\/\/api.w.org\/{rel}","templated":true}]}}