{"id":118881,"date":"2024-05-09T17:22:25","date_gmt":"2024-05-09T20:22:25","guid":{"rendered":"https:\/\/www.locoxelrojo.com\/independiente\/?p=118881"},"modified":"2024-05-09T17:23:16","modified_gmt":"2024-05-09T20:23:16","slug":"pocho-desgarrado","status":"publish","type":"post","link":"https:\/\/www.locoxelrojo.com\/independiente\/2024\/05\/09\/pocho-desgarrado\/","title":{"rendered":"Pocho desgarrado"},"content":{"rendered":"<p><strong>Diego Segovia sufri\u00f3 una lesi\u00f3n que lo marginar\u00e1 de las canchas por un tiempo largo. <\/strong><\/p>\n<p>El arquero de 23 a\u00f1os se someti\u00f3 a estudios por una molestia muscular. En las \u00faltimas horas desde el club informaron los resultados y <strong>se confirm\u00f3 que tiene un desgarro en el isquiotibial de la pierna derecha. Su recuperaci\u00f3n le llevar\u00e1 3 semanas.<\/strong><\/p>\n<p>De esta manera, <strong>el uruguayo no estar\u00e1 a disposici\u00f3n de Carlos Tevez para el comienzo de la Liga Profesional<\/strong>. En este semestre a\u00fan no sum\u00f3 minutos y sigue a la espera de una oportunidad para defender el arco del Rey de Copas, hoy en manos de Rodrigo Rey.<\/p>\n<p><strong>Su lugar en el banco de suplentes ser\u00e1 ocupado por Mateo Morro.<\/strong><\/p>\n<blockquote class=\"twitter-tweet\">\n<p dir=\"ltr\" lang=\"es\">Parte m\u00e9dico: Diego Segovia<\/p>\n<p>El arquero sufri\u00f3 un desgarro en el isquiotibial de la pierna derecha. Tendr\u00e1 unas 3 semanas de recuperaci\u00f3n. <a href=\"https:\/\/t.co\/c9NQBc1BFU\">pic.twitter.com\/c9NQBc1BFU<\/a><\/p>\n<p>\u2014 C. A. Independiente (@Independiente) <a href=\"https:\/\/twitter.com\/Independiente\/status\/1788591930114285674?ref_src=twsrc%5Etfw\">May 9, 2024<\/a><\/p><\/blockquote>\n<p><script async src=\"https:\/\/platform.twitter.com\/widgets.js\" charset=\"utf-8\"><\/script><\/p>\n<p><strong>\u00a1Pronta recuperaci\u00f3n, Pocho!<\/strong><\/p>\n","protected":false},"excerpt":{"rendered":"<p>Diego Segovia sufri\u00f3 una lesi\u00f3n que lo marginar\u00e1 de las canchas por un tiempo largo. El arquero de 23 a\u00f1os se someti\u00f3 a estudios por una molestia muscular. En las \u00faltimas horas desde el club informaron los resultados y se confirm\u00f3 que tiene un desgarro en el isquiotibial de la pierna derecha. Su recuperaci\u00f3n le [&hellip;]<\/p>\n","protected":false},"author":101036,"featured_media":118882,"comment_status":"open","ping_status":"closed","sticky":false,"template":"","format":"standard","meta":{"_links_to":"","_links_to_target":""},"categories":[3247,3],"tags":[153,4429],"_links":{"self":[{"href":"https:\/\/www.locoxelrojo.com\/independiente\/wp-json\/wp\/v2\/posts\/118881"}],"collection":[{"href":"https:\/\/www.locoxelrojo.com\/independiente\/wp-json\/wp\/v2\/posts"}],"about":[{"href":"https:\/\/www.locoxelrojo.com\/independiente\/wp-json\/wp\/v2\/types\/post"}],"author":[{"embeddable":true,"href":"https:\/\/www.locoxelrojo.com\/independiente\/wp-json\/wp\/v2\/users\/101036"}],"replies":[{"embeddable":true,"href":"https:\/\/www.locoxelrojo.com\/independiente\/wp-json\/wp\/v2\/comments?post=118881"}],"version-history":[{"count":2,"href":"https:\/\/www.locoxelrojo.com\/independiente\/wp-json\/wp\/v2\/posts\/118881\/revisions"}],"predecessor-version":[{"id":118884,"href":"https:\/\/www.locoxelrojo.com\/independiente\/wp-json\/wp\/v2\/posts\/118881\/revisions\/118884"}],"wp:featuredmedia":[{"embeddable":true,"href":"https:\/\/www.locoxelrojo.com\/independiente\/wp-json\/wp\/v2\/media\/118882"}],"wp:attachment":[{"href":"https:\/\/www.locoxelrojo.com\/independiente\/wp-json\/wp\/v2\/media?parent=118881"}],"wp:term":[{"taxonomy":"category","embeddable":true,"href":"https:\/\/www.locoxelrojo.com\/independiente\/wp-json\/wp\/v2\/categories?post=118881"},{"taxonomy":"post_tag","embeddable":true,"href":"https:\/\/www.locoxelrojo.com\/independiente\/wp-json\/wp\/v2\/tags?post=118881"}],"curies":[{"name":"wp","href":"https:\/\/api.w.org\/{rel}","templated":true}]}}