{"id":1189,"date":"2010-09-20T18:45:15","date_gmt":"2010-09-20T21:45:15","guid":{"rendered":"http:\/\/www.locoxelrojo.com.ar\/independiente\/?p=1189"},"modified":"2010-09-20T19:36:24","modified_gmt":"2010-09-20T22:36:24","slug":"carlos-matheu-garnero-nos-agradecio-el-esfuerzo-por-su-continuidad","status":"publish","type":"post","link":"https:\/\/www.locoxelrojo.com\/independiente\/2010\/09\/20\/carlos-matheu-garnero-nos-agradecio-el-esfuerzo-por-su-continuidad\/","title":{"rendered":"Carlos Matheu: &#8220;Garnero nos agradeci\u00f3 el esfuerzo por su continuidad&#8221;"},"content":{"rendered":"<p><a href=\"http:\/\/www.locoxelrojo.com.ar\/independiente\/wp-content\/uploads\/2010\/09\/matheu.jpg\"><img loading=\"lazy\" class=\"alignnone size-full wp-image-1190\" title=\"matheu\" src=\"http:\/\/www.locoxelrojo.com.ar\/independiente\/wp-content\/uploads\/2010\/09\/matheu.jpg\" alt=\"\" width=\"550\" height=\"315\" srcset=\"https:\/\/locoxelrojo.com\/independiente\/wp-content\/uploads\/2010\/09\/matheu.jpg 550w, https:\/\/locoxelrojo.com\/independiente\/wp-content\/uploads\/2010\/09\/matheu-300x171.jpg 300w\" sizes=\"(max-width: 550px) 100vw, 550px\" \/><\/a><\/p>\n<p>Carlos Matheu, como referente del plantel, habl\u00f3 en Fox Sports Radio en Del Plata con Gustavo L\u00f3pez y Sebasti\u00e1n Vignolo. El central resalt\u00f3 que \u201c<strong>no sirve mirar para atr\u00e1s y tenemos cosas importantes por delante<\/strong>\u201d. Por otro lado reconoci\u00f3 <strong>\u201cla responsabilidad que tuvimos sobre Garnero y Menotti y su salida<\/strong>\u201d Partiendo de esa base, el defensor prometi\u00f3 \u201c<strong>mirar para adelante y darle una mano al t\u00e9cnico que venga tomando conciencia de que hay que revertir la situaci\u00f3n<\/strong>\u201d.<\/p>\n<p>Si bien no est\u00e1 en las canchas, mediante la gesti\u00f3n de Alejandro Parmo, Carlitos habl\u00f3 con Arvilly y le cont\u00f3 que \u201c<strong>las mismas preguntas que se hacen los periodistas nos las hacemos nosotros los jugadores<\/strong>.\u201d Adem\u00e1s, marc\u00f3 que \u201c<strong>Independiente tiene un gran plantel, para estar ah\u00ed arriba pero hay cosas que estamos haciendo mal, sino los resultados son otros.\u201d<\/strong><\/p>\n<p>Sobre el futuro, Matheu habl\u00f3 de que \u201c<strong>este plantel tiene muchas ganas de conseguir cosas, de triunfar en la Sudamericana y levantar en el campeonato pero falta demostrar en el campo de juego<\/strong>.\u201d Es por eso que si bien no va a estar en cancha, el central tiene como objetivo grupal \u201c<strong>el viernes puesto a que hay que asumir el partido como una final para cambiar esta rea<\/strong>lidad.\u201d<\/p>\n<p>Si bien fue reiterativo al respecto, se lo not\u00f3 preocupado sobre el estado de las cosas\u00a0 puesto a que de la cancha para adentro, si bien hay nombres para no estar \u00faltimo, eso indica al presente. \u201c<strong>Tenemos con qu\u00e9 revertir la situaci\u00f3n y eso es lo importante. Tenemos plantel para estar m\u00e1s arriba. Tenemos m\u00e1s de la mitad del torneo adelante y por suerte seguimos en carrera en la Sudamericana. Hay que trabajar y mirar para adelante.\u201d,<\/strong> sentenci\u00f3.<\/p>\n<p>En cuanto a lo r\u00e1pido que abri\u00f3 el marcador Banfield, Matheu explic\u00f3 que \u201c<strong>el m\u00ednimo error se te transforma en gol en contra y hay que estar encima de esos errores para que no sucedan y poder salir adelante<\/strong>\u201d<\/p>\n<p>Respecto a la salida del cuerpo t\u00e9cnico y del manager, Matheu se sincer\u00f3 y coment\u00f3 que \u201c<strong>no sabemos bien c\u00f3mo fue la salida de Garnero, no estamos al tanto de ese tema. Se nos comunic\u00f3 que no estaba m\u00e1s al mando de Independiente y nos agradeci\u00f3 el esfuerzo que hicimos por su continuidad, nosotros tambi\u00e9n le agradecimos a \u00e9l porque nunca imaginamos esta realidad<\/strong>.&#8221;<\/p>\n<p>Sobre su lesi\u00f3n, Matheu diagnostic\u00f3 terminar de recuperarse esta semana de la distensi\u00f3n y estar a disposici\u00f3n del pr\u00f3ximo D.T. en 2 semanas. &#8220;<strong>Esta semana me termino de recuperar de la distensi\u00f3n y para el otro ya estoy a disposici\u00f3n del nuevo t\u00e9cnico. Esa es la idea<\/strong>.&#8221;, cerr\u00f3.<\/p>\n","protected":false},"excerpt":{"rendered":"<p>Carlos Matheu, como referente del plantel, habl\u00f3 en Fox Sports Radio en Del Plata con Gustavo L\u00f3pez y Sebasti\u00e1n Vignolo. El central resalt\u00f3 que \u201cno sirve mirar para atr\u00e1s y tenemos cosas importantes por delante\u201d. Por otro lado reconoci\u00f3 \u201cla responsabilidad que tuvimos sobre Garnero y Menotti y su salida\u201d Partiendo de esa base, el [&hellip;]<\/p>\n","protected":false},"author":1,"featured_media":0,"comment_status":"open","ping_status":"open","sticky":false,"template":"","format":"standard","meta":{"_links_to":"","_links_to_target":""},"categories":[3,1],"tags":[27],"_links":{"self":[{"href":"https:\/\/www.locoxelrojo.com\/independiente\/wp-json\/wp\/v2\/posts\/1189"}],"collection":[{"href":"https:\/\/www.locoxelrojo.com\/independiente\/wp-json\/wp\/v2\/posts"}],"about":[{"href":"https:\/\/www.locoxelrojo.com\/independiente\/wp-json\/wp\/v2\/types\/post"}],"author":[{"embeddable":true,"href":"https:\/\/www.locoxelrojo.com\/independiente\/wp-json\/wp\/v2\/users\/1"}],"replies":[{"embeddable":true,"href":"https:\/\/www.locoxelrojo.com\/independiente\/wp-json\/wp\/v2\/comments?post=1189"}],"version-history":[{"count":0,"href":"https:\/\/www.locoxelrojo.com\/independiente\/wp-json\/wp\/v2\/posts\/1189\/revisions"}],"wp:attachment":[{"href":"https:\/\/www.locoxelrojo.com\/independiente\/wp-json\/wp\/v2\/media?parent=1189"}],"wp:term":[{"taxonomy":"category","embeddable":true,"href":"https:\/\/www.locoxelrojo.com\/independiente\/wp-json\/wp\/v2\/categories?post=1189"},{"taxonomy":"post_tag","embeddable":true,"href":"https:\/\/www.locoxelrojo.com\/independiente\/wp-json\/wp\/v2\/tags?post=1189"}],"curies":[{"name":"wp","href":"https:\/\/api.w.org\/{rel}","templated":true}]}}