{"id":118970,"date":"2024-05-13T19:10:42","date_gmt":"2024-05-13T22:10:42","guid":{"rendered":"https:\/\/www.locoxelrojo.com\/independiente\/?p=118970"},"modified":"2024-05-13T19:10:42","modified_gmt":"2024-05-13T22:10:42","slug":"marcone-fracturado","status":"publish","type":"post","link":"https:\/\/www.locoxelrojo.com\/independiente\/2024\/05\/13\/marcone-fracturado\/","title":{"rendered":"Marcone fracturado"},"content":{"rendered":"<p><strong>Iv\u00e1n Marcone<\/strong> estar\u00e1 afuera de las canchas por una lesi\u00f3n en su pie derecho.<\/p>\n<p>Cuando Independiente anda en la mala, le llegan todas juntas. Ahora se sum\u00f3 un dolor de cabeza para Carlos Tevez: <strong>perder una pieza clave y al capit\u00e1n del equipo<\/strong>.<\/p>\n<p>\u00bfQu\u00e9 pas\u00f3? Lo que parec\u00eda un molestia m\u00e1s, se transform\u00f3 en algo m\u00e1s grave. <strong>Los estudios arrojaron que se fractur\u00f3 la primera falange del dedo gordo del pie derecho<\/strong>.<\/p>\n<p><strong>El cuerpo m\u00e9dico del club estima que su recuperaci\u00f3n demandar\u00e1, en principio, al menos un mes.<\/strong> De esta manera, es muy dif\u00edcil que vuelva a pisar un campo de juego antes del parate por la Copa Am\u00e9rica. La tarea del entrenador ser\u00e1 buscarle un reemplazo, aunque todas las fichas est\u00e1n puestas en David Mart\u00ednez.<\/p>\n<blockquote class=\"twitter-tweet\">\n<p dir=\"ltr\" lang=\"es\"> Parte medico oficial: Iv\u00e1n Marcone<\/p>\n<p>El jugador se fractur\u00f3 la primera falange del dedo gordo del pie derecho. Se estima un mes de recuperaci\u00f3n. <a href=\"https:\/\/t.co\/EiUzZDtOSK\">pic.twitter.com\/EiUzZDtOSK<\/a><\/p>\n<p>\u2014 C. A. Independiente (@Independiente) <a href=\"https:\/\/twitter.com\/Independiente\/status\/1790137832926753101?ref_src=twsrc%5Etfw\">May 13, 2024<\/a><\/p><\/blockquote>\n<p><script async src=\"https:\/\/platform.twitter.com\/widgets.js\" charset=\"utf-8\"><\/script><\/p>\n","protected":false},"excerpt":{"rendered":"<p>Iv\u00e1n Marcone estar\u00e1 afuera de las canchas por una lesi\u00f3n en su pie derecho. Cuando Independiente anda en la mala, le llegan todas juntas. Ahora se sum\u00f3 un dolor de cabeza para Carlos Tevez: perder una pieza clave y al capit\u00e1n del equipo. \u00bfQu\u00e9 pas\u00f3? Lo que parec\u00eda un molestia m\u00e1s, se transform\u00f3 en algo [&hellip;]<\/p>\n","protected":false},"author":1,"featured_media":118971,"comment_status":"open","ping_status":"closed","sticky":false,"template":"","format":"standard","meta":{"_links_to":"","_links_to_target":""},"categories":[3247,3],"tags":[2729],"_links":{"self":[{"href":"https:\/\/www.locoxelrojo.com\/independiente\/wp-json\/wp\/v2\/posts\/118970"}],"collection":[{"href":"https:\/\/www.locoxelrojo.com\/independiente\/wp-json\/wp\/v2\/posts"}],"about":[{"href":"https:\/\/www.locoxelrojo.com\/independiente\/wp-json\/wp\/v2\/types\/post"}],"author":[{"embeddable":true,"href":"https:\/\/www.locoxelrojo.com\/independiente\/wp-json\/wp\/v2\/users\/1"}],"replies":[{"embeddable":true,"href":"https:\/\/www.locoxelrojo.com\/independiente\/wp-json\/wp\/v2\/comments?post=118970"}],"version-history":[{"count":1,"href":"https:\/\/www.locoxelrojo.com\/independiente\/wp-json\/wp\/v2\/posts\/118970\/revisions"}],"predecessor-version":[{"id":118972,"href":"https:\/\/www.locoxelrojo.com\/independiente\/wp-json\/wp\/v2\/posts\/118970\/revisions\/118972"}],"wp:featuredmedia":[{"embeddable":true,"href":"https:\/\/www.locoxelrojo.com\/independiente\/wp-json\/wp\/v2\/media\/118971"}],"wp:attachment":[{"href":"https:\/\/www.locoxelrojo.com\/independiente\/wp-json\/wp\/v2\/media?parent=118970"}],"wp:term":[{"taxonomy":"category","embeddable":true,"href":"https:\/\/www.locoxelrojo.com\/independiente\/wp-json\/wp\/v2\/categories?post=118970"},{"taxonomy":"post_tag","embeddable":true,"href":"https:\/\/www.locoxelrojo.com\/independiente\/wp-json\/wp\/v2\/tags?post=118970"}],"curies":[{"name":"wp","href":"https:\/\/api.w.org\/{rel}","templated":true}]}}