{"id":119,"date":"2010-08-18T01:32:42","date_gmt":"2010-08-18T01:32:42","guid":{"rendered":"http:\/\/www.locoxelrojo.com.ar\/independiente\/?p=119"},"modified":"2015-09-08T21:47:57","modified_gmt":"2015-09-09T00:47:57","slug":"si-tengo-que-jugar-de-central-o-de-marcador-de-punta-no-hay-problema","status":"publish","type":"post","link":"https:\/\/www.locoxelrojo.com\/independiente\/2010\/08\/18\/si-tengo-que-jugar-de-central-o-de-marcador-de-punta-no-hay-problema\/","title":{"rendered":"Galeano: &#8220;Si tengo que jugar de central o de marcador de punta no hay problema&#8221;"},"content":{"rendered":"<p><a href=\"http:\/\/www.locoxelrojo.com.ar\/independiente\/wp-content\/uploads\/2010\/08\/galeano.jpg\"><img loading=\"lazy\" class=\"alignnone size-full wp-image-120\" title=\"galeano\" src=\"http:\/\/www.locoxelrojo.com.ar\/independiente\/wp-content\/uploads\/2010\/08\/galeano.jpg\" alt=\"\" width=\"550\" height=\"315\" srcset=\"https:\/\/locoxelrojo.com\/independiente\/wp-content\/uploads\/2010\/08\/galeano.jpg 550w, https:\/\/locoxelrojo.com\/independiente\/wp-content\/uploads\/2010\/08\/galeano-300x171.jpg 300w\" sizes=\"(max-width: 550px) 100vw, 550px\" \/><\/a><\/p>\n<p>Luego de la pr\u00e1ctica matutina, Leonel Galeano dialog\u00f3 con Locos por el Rojo acerca de lo que se viene futbol\u00edsticamente para el cierre de temporada, cont\u00f3 sus objetivos personales y comparti\u00f3 la alegr\u00eda de volver a ser incluido entre los 11 titulares.<\/p>\n<p>La lucha por el puesto de central, con un Matheu recuper\u00e1ndose de la lesi\u00f3n, se da entre dos juveniles del club que en la temporada pasara mostraron un gran rendimiento. La grata aparici\u00f3n de Juli\u00e1n Velazquez lo dej\u00f3 a Galeano un poco relegado, pero Leonel a pesar de eso no baja los brazos e intentar\u00e1 dar lo mejor para recuperar la titularidad en el equipo.<\/p>\n<p><strong>&#8211; Volv\u00e9s a los 11 pero por ausencia obligada&#8230;<\/strong><\/p>\n<p>Y s\u00ed, hoy en la pr\u00e1ctica de f\u00fatbol se dio esto, pero bueno&#8230; voy a tratar de trabajar y de esforzarme al m\u00e1ximo para poder volver a estar y, cuando me toque, hacerlo de la mejor manera para aportarle al grupo.<\/p>\n<p><strong>-El Tolo se arriesg\u00f3 y te puso de 4, por esa banda hay fallas \u00bfTe anim\u00e1s o solo te ves como central? Tu desempe\u00f1o all\u00ed no fue de lo mejor que vimos en Independiente pero est\u00e1 muy por encima de lo que vimos el \u00faltimo fin de semana.<\/strong><\/p>\n<p>Yo creo que mientras los resultados no se dan, se hablan muchas cosas. No es solamente un jugador, o un sector el que juega mal. El f\u00fatbol es trabajo colectivo y de equipo. No hay que mirar los casos puntuales porque todos cometimos errores y hay que mejorar.<br \/>\nEso lo ver\u00e1 el t\u00e9cnico, yo estoy dispuesto a jugar de lo que me ponga. Si tengo que hacerlo de central o de marcador de punta no va a haber ning\u00fan problema. Yo voy a tratar de cumplir en la posici\u00f3n que me toque jugar y en las fallas que hay de la mejor manera.<\/p>\n<p><strong>-La Sudamericana te va a permitir mostrarte para recuperar el puesto entre los 11 para el campeonato&#8230;<\/strong><\/p>\n<p>\u00a1S\u00ed, ni hablar! Hay que tratar de hacer lo mejor posible en los dos casos. Si no nos fue tan bien en la fecha pasada, el lunes tenemos que revertir la situaci\u00f3n e ir paso a paso. Tranquilos, la Copa va a ser un paso importante para saber para qu\u00e9 estamos y vamos a tratar de jugarla de la mejor manera.<\/p>\n<p><strong>-Tuviste sondeos europeos \u00bfPor qu\u00e9 decidiste seguir en el club?<\/strong><\/p>\n<p>Mi objetivo es tratar de ganar algo con el club. Yo no me quisiera ir de ac\u00e1 sin haber ganado algo. Ahora, por lo menos quiero pasar de fase en la Copa. Eso va a ser un paso muy importante para ir avanzando. As\u00ed ir tratando de ir lograr cosas, todav\u00eda soy chico para una transferencia. Si se me da y el club lo necesita es otra cosa. Yo no tengo mi cabeza pensando en irme afuera sino en Independiente. Quiero tratar de lograr algo para en el momento que me vaya estar tranquilo.<\/p>\n","protected":false},"excerpt":{"rendered":"<p>Luego de la pr\u00e1ctica matutina, Leonel Galeano dialog\u00f3 con Locos por el Rojo acerca de lo que se viene futbol\u00edsticamente para el cierre de temporada, cont\u00f3 sus objetivos personales y comparti\u00f3 la alegr\u00eda de volver a ser incluido entre los 11 titulares. La lucha por el puesto de central, con un Matheu recuper\u00e1ndose de la [&hellip;]<\/p>\n","protected":false},"author":1,"featured_media":0,"comment_status":"open","ping_status":"open","sticky":false,"template":"","format":"standard","meta":{"_links_to":"","_links_to_target":""},"categories":[3,1],"tags":[60],"_links":{"self":[{"href":"https:\/\/www.locoxelrojo.com\/independiente\/wp-json\/wp\/v2\/posts\/119"}],"collection":[{"href":"https:\/\/www.locoxelrojo.com\/independiente\/wp-json\/wp\/v2\/posts"}],"about":[{"href":"https:\/\/www.locoxelrojo.com\/independiente\/wp-json\/wp\/v2\/types\/post"}],"author":[{"embeddable":true,"href":"https:\/\/www.locoxelrojo.com\/independiente\/wp-json\/wp\/v2\/users\/1"}],"replies":[{"embeddable":true,"href":"https:\/\/www.locoxelrojo.com\/independiente\/wp-json\/wp\/v2\/comments?post=119"}],"version-history":[{"count":0,"href":"https:\/\/www.locoxelrojo.com\/independiente\/wp-json\/wp\/v2\/posts\/119\/revisions"}],"wp:attachment":[{"href":"https:\/\/www.locoxelrojo.com\/independiente\/wp-json\/wp\/v2\/media?parent=119"}],"wp:term":[{"taxonomy":"category","embeddable":true,"href":"https:\/\/www.locoxelrojo.com\/independiente\/wp-json\/wp\/v2\/categories?post=119"},{"taxonomy":"post_tag","embeddable":true,"href":"https:\/\/www.locoxelrojo.com\/independiente\/wp-json\/wp\/v2\/tags?post=119"}],"curies":[{"name":"wp","href":"https:\/\/api.w.org\/{rel}","templated":true}]}}