{"id":119091,"date":"2024-05-20T18:57:02","date_gmt":"2024-05-20T21:57:02","guid":{"rendered":"https:\/\/www.locoxelrojo.com\/independiente\/?p=119091"},"modified":"2024-05-20T18:57:02","modified_gmt":"2024-05-20T21:57:02","slug":"hugo-tocalli-asume-como-dt-interino","status":"publish","type":"post","link":"https:\/\/www.locoxelrojo.com\/independiente\/2024\/05\/20\/hugo-tocalli-asume-como-dt-interino\/","title":{"rendered":"Hugo Tocalli asume como DT Interino"},"content":{"rendered":"<p><strong>El Plantel Profesional de Independiente regresar\u00e1 a los entrenamientos este martes por la ma\u00f1ana en el predio de Villa Dom\u00ednico.<\/strong><\/p>\n<p>Tal como se hab\u00eda definido la semana pasada, <strong>Hugo Tocalli<\/strong>, coordinador de las inferiores, <strong>ser\u00e1 el entrenador interino<\/strong> hasta que la dirigencia consiga al reemplazante de Carlos Tevez.<\/p>\n<p>Son varios los nombres que tienen sobre la mesa, por eso, la <strong>Comisi\u00f3n Directiva se va a tomar un tiempo prudente para definir al nuevo DT<\/strong>. Tal es as\u00ed, que una de las opciones que barajan es que <strong>Tocalli dirija los 3 partidos restantes antes del parate<\/strong> por la Copa Am\u00e9rica.<\/p>\n<p>Por su parte, ya tiene conformado su cuerpo t\u00e9cnico: <strong>Fernando Cinto y Mart\u00edn Di Diego ser\u00e1n sus ayudantes de campo; Patricio Codd y Javier Bevilacqua los preparadores f\u00edsicos y Marcelo Luca, el entrenador de arqueros.<\/strong><\/p>\n","protected":false},"excerpt":{"rendered":"<p>El Plantel Profesional de Independiente regresar\u00e1 a los entrenamientos este martes por la ma\u00f1ana en el predio de Villa Dom\u00ednico. Tal como se hab\u00eda definido la semana pasada, Hugo Tocalli, coordinador de las inferiores, ser\u00e1 el entrenador interino hasta que la dirigencia consiga al reemplazante de Carlos Tevez. Son varios los nombres que tienen sobre [&hellip;]<\/p>\n","protected":false},"author":101034,"featured_media":110365,"comment_status":"open","ping_status":"closed","sticky":false,"template":"","format":"standard","meta":{"_links_to":"","_links_to_target":""},"categories":[3247,3],"tags":[153,5345],"_links":{"self":[{"href":"https:\/\/www.locoxelrojo.com\/independiente\/wp-json\/wp\/v2\/posts\/119091"}],"collection":[{"href":"https:\/\/www.locoxelrojo.com\/independiente\/wp-json\/wp\/v2\/posts"}],"about":[{"href":"https:\/\/www.locoxelrojo.com\/independiente\/wp-json\/wp\/v2\/types\/post"}],"author":[{"embeddable":true,"href":"https:\/\/www.locoxelrojo.com\/independiente\/wp-json\/wp\/v2\/users\/101034"}],"replies":[{"embeddable":true,"href":"https:\/\/www.locoxelrojo.com\/independiente\/wp-json\/wp\/v2\/comments?post=119091"}],"version-history":[{"count":1,"href":"https:\/\/www.locoxelrojo.com\/independiente\/wp-json\/wp\/v2\/posts\/119091\/revisions"}],"predecessor-version":[{"id":119092,"href":"https:\/\/www.locoxelrojo.com\/independiente\/wp-json\/wp\/v2\/posts\/119091\/revisions\/119092"}],"wp:featuredmedia":[{"embeddable":true,"href":"https:\/\/www.locoxelrojo.com\/independiente\/wp-json\/wp\/v2\/media\/110365"}],"wp:attachment":[{"href":"https:\/\/www.locoxelrojo.com\/independiente\/wp-json\/wp\/v2\/media?parent=119091"}],"wp:term":[{"taxonomy":"category","embeddable":true,"href":"https:\/\/www.locoxelrojo.com\/independiente\/wp-json\/wp\/v2\/categories?post=119091"},{"taxonomy":"post_tag","embeddable":true,"href":"https:\/\/www.locoxelrojo.com\/independiente\/wp-json\/wp\/v2\/tags?post=119091"}],"curies":[{"name":"wp","href":"https:\/\/api.w.org\/{rel}","templated":true}]}}