{"id":11918,"date":"2011-10-14T06:37:00","date_gmt":"2011-10-14T09:37:00","guid":{"rendered":"http:\/\/www.locoxelrojo.com.ar\/independiente\/?p=11918"},"modified":"2015-09-16T01:15:34","modified_gmt":"2015-09-16T04:15:34","slug":"venta-de-entradas-vs-godoy-cruz-3","status":"publish","type":"post","link":"https:\/\/www.locoxelrojo.com\/independiente\/2011\/10\/14\/venta-de-entradas-vs-godoy-cruz-3\/","title":{"rendered":"Venta de plateas vs. Godoy Cruz"},"content":{"rendered":"<p><a href=\"http:\/\/www.locoxelrojo.com.ar\/independiente\/wp-content\/uploads\/2011\/10\/platea_libertadores.gif\"><img loading=\"lazy\" class=\"alignnone size-full wp-image-11919\" title=\"platea_libertadores\" src=\"http:\/\/www.locoxelrojo.com.ar\/independiente\/wp-content\/uploads\/2011\/10\/platea_libertadores.gif\" alt=\"\" width=\"590\" height=\"315\" srcset=\"https:\/\/locoxelrojo.com\/independiente\/wp-content\/uploads\/2011\/10\/platea_libertadores.gif 590w, https:\/\/locoxelrojo.com\/independiente\/wp-content\/uploads\/2011\/10\/platea_libertadores-300x160.gif 300w\" sizes=\"(max-width: 590px) 100vw, 590px\" \/><\/a><\/p>\n<p>La Secretar\u00eda de Prensa y Relaciones P\u00fablicas del Club Atl\u00e9tico Independiente dio a conocer los d\u00edas y horarios para adquirir localidades para el partido que se disputar\u00e1 el pr\u00f3ximo s\u00e1bado a las 14 horas en el Libertadores de Am\u00e9rica frente a Godoy Cruz.<\/p>\n<p>La venta comienza hoy viernes de 11 a 17 en la Sede Social de Mitre 470 y contin\u00faa el s\u00e1bado desde las 8 de la ma\u00f1ana en el Estadio libertadores de Am\u00e9rica. Las presonas con certificado de discapacidad debener\u00e1n presentarse en la Sede en el mismo horario en el cual se vender\u00e1n entradas durante el viernes.<\/p>\n<p><strong><em>A continuaci\u00f3n, los precios y las ubicaciones:<\/em><\/strong><\/p>\n<p><strong>Norte Alta<br \/>\n<\/strong>Socios $ 20 \/\/ Invitados $ 70<\/p>\n<p><strong>Erico Alta<br \/>\n<\/strong>Socios $ 80 \/\/ Invitados $ 130<\/p>\n<p><strong>Erico Baja<br \/>\n<\/strong>Socios $\u00a0120 \/\/ Invitados $ 170<\/p>\n<p><strong>Garganta del Diablo 1 o 2<br \/>\n<\/strong>Socios $ 120 \/\/ Invitados $ 170<\/p>\n<p><strong>Palco Oficial<br \/>\n<\/strong>Socios $ 190 \/\/ Invitados $ 250<\/p>\n","protected":false},"excerpt":{"rendered":"<p>La Secretar\u00eda de Prensa y Relaciones P\u00fablicas del Club Atl\u00e9tico Independiente dio a conocer los d\u00edas y horarios para adquirir localidades para el partido que se disputar\u00e1 el pr\u00f3ximo s\u00e1bado a las 14 horas en el Libertadores de Am\u00e9rica frente a Godoy Cruz. La venta comienza hoy viernes de 11 a 17 en la Sede [&hellip;]<\/p>\n","protected":false},"author":1,"featured_media":0,"comment_status":"open","ping_status":"open","sticky":false,"template":"","format":"standard","meta":{"_links_to":"","_links_to_target":""},"categories":[1,19],"tags":[972,153,571,2357],"_links":{"self":[{"href":"https:\/\/www.locoxelrojo.com\/independiente\/wp-json\/wp\/v2\/posts\/11918"}],"collection":[{"href":"https:\/\/www.locoxelrojo.com\/independiente\/wp-json\/wp\/v2\/posts"}],"about":[{"href":"https:\/\/www.locoxelrojo.com\/independiente\/wp-json\/wp\/v2\/types\/post"}],"author":[{"embeddable":true,"href":"https:\/\/www.locoxelrojo.com\/independiente\/wp-json\/wp\/v2\/users\/1"}],"replies":[{"embeddable":true,"href":"https:\/\/www.locoxelrojo.com\/independiente\/wp-json\/wp\/v2\/comments?post=11918"}],"version-history":[{"count":0,"href":"https:\/\/www.locoxelrojo.com\/independiente\/wp-json\/wp\/v2\/posts\/11918\/revisions"}],"wp:attachment":[{"href":"https:\/\/www.locoxelrojo.com\/independiente\/wp-json\/wp\/v2\/media?parent=11918"}],"wp:term":[{"taxonomy":"category","embeddable":true,"href":"https:\/\/www.locoxelrojo.com\/independiente\/wp-json\/wp\/v2\/categories?post=11918"},{"taxonomy":"post_tag","embeddable":true,"href":"https:\/\/www.locoxelrojo.com\/independiente\/wp-json\/wp\/v2\/tags?post=11918"}],"curies":[{"name":"wp","href":"https:\/\/api.w.org\/{rel}","templated":true}]}}