{"id":11924,"date":"2011-10-14T13:37:52","date_gmt":"2011-10-14T16:37:52","guid":{"rendered":"http:\/\/www.locoxelrojo.com.ar\/independiente\/?p=11924"},"modified":"2011-10-14T13:37:52","modified_gmt":"2011-10-14T16:37:52","slug":"matheu-levantar-cabeza-y-salir-rapido","status":"publish","type":"post","link":"https:\/\/www.locoxelrojo.com\/independiente\/2011\/10\/14\/matheu-levantar-cabeza-y-salir-rapido\/","title":{"rendered":"Matheu: &#8220;Levantar cabeza y salir r\u00e1pido&#8221;"},"content":{"rendered":"<p><a href=\"http:\/\/www.locoxelrojo.com.ar\/independiente\/wp-content\/uploads\/2011\/10\/carlos_matheu.jpg\"><img loading=\"lazy\" class=\"alignnone size-full wp-image-11925\" title=\"carlos_matheu\" src=\"http:\/\/www.locoxelrojo.com.ar\/independiente\/wp-content\/uploads\/2011\/10\/carlos_matheu.jpg\" alt=\"\" width=\"590\" height=\"315\" srcset=\"https:\/\/locoxelrojo.com\/independiente\/wp-content\/uploads\/2011\/10\/carlos_matheu.jpg 590w, https:\/\/locoxelrojo.com\/independiente\/wp-content\/uploads\/2011\/10\/carlos_matheu-300x160.jpg 300w\" sizes=\"(max-width: 590px) 100vw, 590px\" \/><\/a><\/p>\n<p><strong>Carlos Matheu<\/strong> dialog\u00f3 con <strong>Un Buen Momento <\/strong>por<strong> Radio La Red <\/strong>y se refiri\u00f3 a la eliminaci\u00f3n de la Copa Sudamericana, a las otras 3 copas perdidas durante el a\u00f1o y al momento institucional del club. <strong>&#8220;Estamos golpeados, doli\u00f3 quedar afuera de la copa pero no tenemos tiempo para el duelo. Hay que levantar la cabeza y salir r\u00e1pido para conseguir los 3 puntos&#8221;<\/strong>, narr\u00f3 el defensor.<\/p>\n<p>Luego agreg\u00f3: <strong>&#8220;La idea era tratar de tener la pelota y no lo pudimos hacer en Quito, tratamos de defendernos de la mejor manera. Qued\u00f3 el sabor amargo de que all\u00e1 no pudimos convertir. Nos duele porque quer\u00edamos revalidar el t\u00edtulo haciendo una buena copa pero el partido se\u00a0perdi\u00f3\u00a0all\u00e1&#8221;.<\/strong><\/p>\n<p>Cuando le preguntaron si se trataba de una justificaci\u00f3n para el fracaso, Matheu replic\u00f3:<strong> &#8220;No cumplimos ninguno de los objetivos pero creo que tenemos buen plantel. En todo el a\u00f1o nos falt\u00f3 regularidad que es fundamental para tener madurez&#8221;. <\/strong>De todas formas, destac\u00f3 que <strong>&#8220;es caerse y levantarse; nos ca\u00edmos varias veces este a\u00f1o pero hay que salir adelante a pesar de las cr\u00edticas&#8221;.<\/strong><\/p>\n<p>El defensor interpret\u00f3 que el presente pol\u00edtico afecta al club.<strong> &#8220;El dif\u00edcil abastraerse de las cr\u00edticas pero hay que tratar, ser\u00eda bueno que todos tiremos para el mismo lado. Pol\u00edticamente el club es complicado y cada uno tira para su lado, en eso la instituci\u00f3n falla. Defienden lo propio en vez del club, se hacen llamar hinchas y generan l\u00edo criticando jugadores por beneficios. Hay hinchas que buscan l\u00edos para sacar sus propios beneficios, est\u00e1 el hincha y el que se hace llamar y genera l\u00edos<\/strong>&#8220;, concluy\u00f3.<\/p>\n","protected":false},"excerpt":{"rendered":"<p>Carlos Matheu dialog\u00f3 con Un Buen Momento por Radio La Red y se refiri\u00f3 a la eliminaci\u00f3n de la Copa Sudamericana, a las otras 3 copas perdidas durante el a\u00f1o y al momento institucional del club. &#8220;Estamos golpeados, doli\u00f3 quedar afuera de la copa pero no tenemos tiempo para el duelo. Hay que levantar la [&hellip;]<\/p>\n","protected":false},"author":1,"featured_media":0,"comment_status":"open","ping_status":"open","sticky":false,"template":"","format":"standard","meta":{"_links_to":"","_links_to_target":""},"categories":[7,3,1],"tags":[27,153,353],"_links":{"self":[{"href":"https:\/\/www.locoxelrojo.com\/independiente\/wp-json\/wp\/v2\/posts\/11924"}],"collection":[{"href":"https:\/\/www.locoxelrojo.com\/independiente\/wp-json\/wp\/v2\/posts"}],"about":[{"href":"https:\/\/www.locoxelrojo.com\/independiente\/wp-json\/wp\/v2\/types\/post"}],"author":[{"embeddable":true,"href":"https:\/\/www.locoxelrojo.com\/independiente\/wp-json\/wp\/v2\/users\/1"}],"replies":[{"embeddable":true,"href":"https:\/\/www.locoxelrojo.com\/independiente\/wp-json\/wp\/v2\/comments?post=11924"}],"version-history":[{"count":0,"href":"https:\/\/www.locoxelrojo.com\/independiente\/wp-json\/wp\/v2\/posts\/11924\/revisions"}],"wp:attachment":[{"href":"https:\/\/www.locoxelrojo.com\/independiente\/wp-json\/wp\/v2\/media?parent=11924"}],"wp:term":[{"taxonomy":"category","embeddable":true,"href":"https:\/\/www.locoxelrojo.com\/independiente\/wp-json\/wp\/v2\/categories?post=11924"},{"taxonomy":"post_tag","embeddable":true,"href":"https:\/\/www.locoxelrojo.com\/independiente\/wp-json\/wp\/v2\/tags?post=11924"}],"curies":[{"name":"wp","href":"https:\/\/api.w.org\/{rel}","templated":true}]}}