{"id":119272,"date":"2024-05-31T17:40:23","date_gmt":"2024-05-31T20:40:23","guid":{"rendered":"https:\/\/www.locoxelrojo.com\/independiente\/?p=119272"},"modified":"2024-05-31T17:42:23","modified_gmt":"2024-05-31T20:42:23","slug":"quienes-son-los-cinco-lesionados-del-plantel","status":"publish","type":"post","link":"https:\/\/www.locoxelrojo.com\/independiente\/2024\/05\/31\/quienes-son-los-cinco-lesionados-del-plantel\/","title":{"rendered":"\u00bfQui\u00e9nes son los cinco lesionados del plantel?"},"content":{"rendered":"<p>El lunes <strong>Independiente<\/strong> enfrentar\u00e1 a Defensa y Justicia, pero <strong>el plantel arrastra varios lesionados de cara al partido <\/strong>de la cuarta fecha de la Liga Profesional. \u00bfCu\u00e1les son las situaciones de cada uno?<\/p>\n<p><strong>Iv\u00e1n Marcone<\/strong>, el capit\u00e1n del equipo, sufri\u00f3 una <strong>fractura<\/strong> en uno de sus dedos del pie izquierdo y, seg\u00fan el parte m\u00e9dico oficial que sali\u00f3 hoy, <strong>&#8220;el jugador se encuentra realizando trabajos f\u00edsicos a la par del grupo&#8221;<\/strong>. No llega para visitar al Halc\u00f3n, pero podr\u00eda estar contra Banfield.<\/p>\n<blockquote class=\"twitter-tweet\">\n<p dir=\"ltr\" lang=\"es\"> Parte m\u00e9dico: Iv\u00e1n Marcone<\/p>\n<p>El jugador se encuentra realizando trabajos f\u00edsicos a la par del grupo.<\/p>\n<p>Est\u00e1 cursando la tercera semana de recuperaci\u00f3n por la fractura del dedo hallux de su pie izquierdo, por lo que a\u00fan no est\u00e1 en condiciones de hacer f\u00fatbol con sus compa\u00f1eros. <a href=\"https:\/\/t.co\/cO1CvikPw4\">pic.twitter.com\/cO1CvikPw4<\/a><\/p>\n<p>\u2014 C. A. Independiente (@Independiente) <a href=\"https:\/\/twitter.com\/Independiente\/status\/1796550850229182968?ref_src=twsrc%5Etfw\">May 31, 2024<\/a><\/p><\/blockquote>\n<p><script async src=\"https:\/\/platform.twitter.com\/widgets.js\" charset=\"utf-8\"><\/script><\/p>\n<p>La <strong>pubalgia<\/strong> es otro de los males que merodea el predio de Villa Dom\u00ednico. Tanto <strong>Felipe Aguilar<\/strong> como <strong>Lucas Gonz\u00e1lez<\/strong> est\u00e1n atravesando una y solo Saltita puede llegar a ser considerado para disputar el encuentro en Varela. Es por eso que <strong>esperar\u00e1n al mediocampista hasta \u00faltimo momento<\/strong>.<\/p>\n<p><strong>Juan Manuel Fedorco<\/strong>, por otra parte, tiene una <strong>sobrecarga muscular<\/strong> y el cuerpo t\u00e9cnico tambi\u00e9n esperar\u00e1 a ver su desarrollo durante estos d\u00edas para <strong>decidir si formar\u00e1 parte de los convocados o no<\/strong>. En su reemplazo, Edgar Elizalde se encamina para ingresar.<\/p>\n<p>El quinto y \u00faltimo de los lesionados de <a href=\"https:\/\/www.instagram.com\/locoxelrojoweb\/\">Independiente<\/a> es <strong>Julio Buffarini<\/strong>, quien tiene una molestia en su rodilla que tambi\u00e9n lo deja en duda para el lunes pr\u00f3ximo. Es por eso que, frente a la <a href=\"https:\/\/www.locoxelrojo.com\/independiente\/2024\/05\/31\/isla-ya-se-sumo-a-la-seleccion-de-chile\/\">ausencia de Mauricio Isla<\/a> de los pr\u00f3ximos dos encuentros, Santiago Salle sea la alternativa m\u00e1s firme para el carril derecho.<\/p>\n","protected":false},"excerpt":{"rendered":"<p>El lunes Independiente enfrentar\u00e1 a Defensa y Justicia, pero el plantel arrastra varios lesionados de cara al partido de la cuarta fecha de la Liga Profesional. \u00bfCu\u00e1les son las situaciones de cada uno? Iv\u00e1n Marcone, el capit\u00e1n del equipo, sufri\u00f3 una fractura en uno de sus dedos del pie izquierdo y, seg\u00fan el parte m\u00e9dico [&hellip;]<\/p>\n","protected":false},"author":101036,"featured_media":119273,"comment_status":"open","ping_status":"closed","sticky":false,"template":"","format":"standard","meta":{"_links_to":"","_links_to_target":""},"categories":[3247,3],"tags":[153,5488,2729,5566,5507,4179],"_links":{"self":[{"href":"https:\/\/www.locoxelrojo.com\/independiente\/wp-json\/wp\/v2\/posts\/119272"}],"collection":[{"href":"https:\/\/www.locoxelrojo.com\/independiente\/wp-json\/wp\/v2\/posts"}],"about":[{"href":"https:\/\/www.locoxelrojo.com\/independiente\/wp-json\/wp\/v2\/types\/post"}],"author":[{"embeddable":true,"href":"https:\/\/www.locoxelrojo.com\/independiente\/wp-json\/wp\/v2\/users\/101036"}],"replies":[{"embeddable":true,"href":"https:\/\/www.locoxelrojo.com\/independiente\/wp-json\/wp\/v2\/comments?post=119272"}],"version-history":[{"count":1,"href":"https:\/\/www.locoxelrojo.com\/independiente\/wp-json\/wp\/v2\/posts\/119272\/revisions"}],"predecessor-version":[{"id":119274,"href":"https:\/\/www.locoxelrojo.com\/independiente\/wp-json\/wp\/v2\/posts\/119272\/revisions\/119274"}],"wp:featuredmedia":[{"embeddable":true,"href":"https:\/\/www.locoxelrojo.com\/independiente\/wp-json\/wp\/v2\/media\/119273"}],"wp:attachment":[{"href":"https:\/\/www.locoxelrojo.com\/independiente\/wp-json\/wp\/v2\/media?parent=119272"}],"wp:term":[{"taxonomy":"category","embeddable":true,"href":"https:\/\/www.locoxelrojo.com\/independiente\/wp-json\/wp\/v2\/categories?post=119272"},{"taxonomy":"post_tag","embeddable":true,"href":"https:\/\/www.locoxelrojo.com\/independiente\/wp-json\/wp\/v2\/tags?post=119272"}],"curies":[{"name":"wp","href":"https:\/\/api.w.org\/{rel}","templated":true}]}}