{"id":119278,"date":"2024-05-31T17:00:37","date_gmt":"2024-05-31T20:00:37","guid":{"rendered":"https:\/\/www.locoxelrojo.com\/independiente\/?p=119278"},"modified":"2024-05-31T20:21:19","modified_gmt":"2024-05-31T23:21:19","slug":"dijeron-que-si-pero-al-final-no","status":"publish","type":"post","link":"https:\/\/www.locoxelrojo.com\/independiente\/2024\/05\/31\/dijeron-que-si-pero-al-final-no\/","title":{"rendered":"Dijeron que s\u00ed, pero al final no"},"content":{"rendered":"<p><strong>Gabriel \u00c1valos se qued\u00f3 afuera de la base de jugadores preseleccionados por Daniel Garnero en la Selecci\u00f3n de Paraguay para la Copa Am\u00e9rica.<\/strong><\/p>\n<p>Semanas atr\u00e1s, <strong>desde las cuentas oficiales de Independiente<\/strong>, comunicaban que tanto Mauricio Isla como el propio \u00c1valos jugar\u00edan la Copa Am\u00e9rica y <strong>habr\u00edan recibido sus respectivas citaciones.<\/strong><\/p>\n<blockquote class=\"twitter-tweet\">\n<p dir=\"ltr\" lang=\"es\">Gabriel Avalos fue convocado por la Selecci\u00f3n de Paraguay y Mauricio Isla recibi\u00f3 el llamado del seleccionado de Chile para disputar la pr\u00f3xima Copa Am\u00e9rica.<\/p>\n<p>\u00a1Felicitaciones para ambos!<a href=\"https:\/\/twitter.com\/hashtag\/TodoRojo?src=hash&amp;ref_src=twsrc%5Etfw\">#TodoRojo<\/a>  <a href=\"https:\/\/t.co\/dNOUo6awoj\">pic.twitter.com\/dNOUo6awoj<\/a><\/p>\n<p>\u2014 C. A. Independiente (@Independiente) <a href=\"https:\/\/twitter.com\/Independiente\/status\/1791601720297996447?ref_src=twsrc%5Etfw\">May 17, 2024<\/a><\/p><\/blockquote>\n<p><script async src=\"https:\/\/platform.twitter.com\/widgets.js\" charset=\"utf-8\"><\/script><\/p>\n<p>Pero este viernes <strong>apareci\u00f3 la lista de la Albirroja y el delantero del Rojo no aparece entre los 27 convocados<\/strong>. Si bien es una mala noticia para Kape, es positivo para el Rey de Copas ya que podr\u00e1 estar a disposici\u00f3n para jugar los pr\u00f3ximos dos partidos en la Liga Profesional: <strong>Defensa y Justicia y Banfield<\/strong>.<\/p>\n<blockquote class=\"twitter-tweet\">\n<p dir=\"ltr\" lang=\"es\">\u2705 <\/p>\n<p> Jugadores llamados por el DT Daniel Garnero para los amistosos ante <a href=\"https:\/\/twitter.com\/SeleccionPeru?ref_src=twsrc%5Etfw\">@SeleccionPeru<\/a> (07\/06), <a href=\"https:\/\/twitter.com\/LaRoja?ref_src=twsrc%5Etfw\">@LaRoja<\/a> (11\/06) y <a href=\"https:\/\/twitter.com\/fepafut?ref_src=twsrc%5Etfw\">@fepafut<\/a> (16\/06).<\/p>\n<p>Los detalles \u27a1 <a href=\"https:\/\/t.co\/Ccby73oyXQ\">https:\/\/t.co\/Ccby73oyXQ<\/a><a href=\"https:\/\/twitter.com\/hashtag\/ElRenacerAlbirrojo?src=hash&amp;ref_src=twsrc%5Etfw\">#ElRenacerAlbirrojo<\/a> <a href=\"https:\/\/twitter.com\/hashtag\/VamosParaguay?src=hash&amp;ref_src=twsrc%5Etfw\">#VamosParaguay<\/a>  <a href=\"https:\/\/t.co\/AVfmAVAITG\">pic.twitter.com\/AVfmAVAITG<\/a><\/p>\n<p>\u2014 Selecci\u00f3n Paraguaya (@Albirroja) <a href=\"https:\/\/twitter.com\/Albirroja\/status\/1796576177488007421?ref_src=twsrc%5Etfw\">May 31, 2024<\/a><\/p><\/blockquote>\n<p><script async src=\"https:\/\/platform.twitter.com\/widgets.js\" charset=\"utf-8\"><\/script><\/p>\n<p><strong>&#8220;Esta convocatoria es inicialmente para la Fecha FIFA. Pensamos usar este tiempo para ver quienes est\u00e1n mejor para la Copa Am\u00e9rica&#8221;<\/strong>, explic\u00f3 el DT. Y sum\u00f3: <strong>&#8220;Esta va a ser la base de la lista de la Copa Am\u00e9rica&#8221;<\/strong>.<\/p>\n<p>\u00bfLe alcanzar\u00e1n estos dos partidos antes del receso a \u00c1valos para revertir su situaci\u00f3n o finalmente mirar\u00e1 el certamen por televisi\u00f3n?<\/p>\n","protected":false},"excerpt":{"rendered":"<p>Gabriel \u00c1valos se qued\u00f3 afuera de la base de jugadores preseleccionados por Daniel Garnero en la Selecci\u00f3n de Paraguay para la Copa Am\u00e9rica. Semanas atr\u00e1s, desde las cuentas oficiales de Independiente, comunicaban que tanto Mauricio Isla como el propio \u00c1valos jugar\u00edan la Copa Am\u00e9rica y habr\u00edan recibido sus respectivas citaciones. Gabriel Avalos fue convocado por [&hellip;]<\/p>\n","protected":false},"author":1,"featured_media":119279,"comment_status":"open","ping_status":"closed","sticky":false,"template":"","format":"standard","meta":{"_links_to":"","_links_to_target":""},"categories":[3280,3247],"tags":[153,5641,5545,4242],"_links":{"self":[{"href":"https:\/\/www.locoxelrojo.com\/independiente\/wp-json\/wp\/v2\/posts\/119278"}],"collection":[{"href":"https:\/\/www.locoxelrojo.com\/independiente\/wp-json\/wp\/v2\/posts"}],"about":[{"href":"https:\/\/www.locoxelrojo.com\/independiente\/wp-json\/wp\/v2\/types\/post"}],"author":[{"embeddable":true,"href":"https:\/\/www.locoxelrojo.com\/independiente\/wp-json\/wp\/v2\/users\/1"}],"replies":[{"embeddable":true,"href":"https:\/\/www.locoxelrojo.com\/independiente\/wp-json\/wp\/v2\/comments?post=119278"}],"version-history":[{"count":1,"href":"https:\/\/www.locoxelrojo.com\/independiente\/wp-json\/wp\/v2\/posts\/119278\/revisions"}],"predecessor-version":[{"id":119280,"href":"https:\/\/www.locoxelrojo.com\/independiente\/wp-json\/wp\/v2\/posts\/119278\/revisions\/119280"}],"wp:featuredmedia":[{"embeddable":true,"href":"https:\/\/www.locoxelrojo.com\/independiente\/wp-json\/wp\/v2\/media\/119279"}],"wp:attachment":[{"href":"https:\/\/www.locoxelrojo.com\/independiente\/wp-json\/wp\/v2\/media?parent=119278"}],"wp:term":[{"taxonomy":"category","embeddable":true,"href":"https:\/\/www.locoxelrojo.com\/independiente\/wp-json\/wp\/v2\/categories?post=119278"},{"taxonomy":"post_tag","embeddable":true,"href":"https:\/\/www.locoxelrojo.com\/independiente\/wp-json\/wp\/v2\/tags?post=119278"}],"curies":[{"name":"wp","href":"https:\/\/api.w.org\/{rel}","templated":true}]}}