{"id":119294,"date":"2024-06-02T21:26:03","date_gmt":"2024-06-03T00:26:03","guid":{"rendered":"https:\/\/www.locoxelrojo.com\/independiente\/?p=119294"},"modified":"2024-06-02T21:26:03","modified_gmt":"2024-06-03T00:26:03","slug":"concentrados-vs-defensa-y-justicia-con-una-cara-nueva-y-la-vuelta-de-hidalgo","status":"publish","type":"post","link":"https:\/\/www.locoxelrojo.com\/independiente\/2024\/06\/02\/concentrados-vs-defensa-y-justicia-con-una-cara-nueva-y-la-vuelta-de-hidalgo\/","title":{"rendered":"Concentrados vs. Defensa y Justicia: con una cara nueva y la vuelta de Hidalgo"},"content":{"rendered":"<p><strong>Hugo Tocalli confirm\u00f3 la lista de concentrados de Independiente para el partido ante Defensa y Justicia por la fecha 4 de la Liga Profesional.<\/strong><\/p>\n<p>El t\u00e9cnico interino conoce bien a las grandes promesas de Inferiores y por eso subi\u00f3 a Primera a otro juvenil m\u00e1s. Esta vez, el que se gan\u00f3 el lugar fue <strong>Ezequiel Duarte, lateral derecho categor\u00eda 2006<\/strong>. Su presencia se debe a que Mauricio Isla fue convocado a la Selecci\u00f3n de Chile y se necesita recambio en esa posici\u00f3n.<\/p>\n<p>Adem\u00e1s, <strong>regres\u00f3 a la lista el arquero suplente Diego Segovia y los juveniles Fernando Da Rosa, Javier Ruiz y Santiago Hidalgo<\/strong>. Este \u00faltimo viene de sumar varios minutos en Reserva y destacarse tras un largo per\u00edodo en el que estuvo marginado del equipo.<\/p>\n<p>Por su parte, adem\u00e1s de la ausencia de Isla, se observan <strong>las bajas de Mateo Morro, Julio Buffarini, Lucas Gonz\u00e1lez y Facundo Cruz<\/strong>. Durante la semana, Saltita se hab\u00eda entrenado diferenciado por una pubalgia.<\/p>\n<h2>Los concentrados<\/h2>\n<p><strong>Arqueros:<\/strong> Diego Segovia y Rodrigo Rey.<\/p>\n<p><strong>Defensores:<\/strong> Joaqu\u00edn Laso, Adri\u00e1n Sp\u00f6rle, Edgar Elizalde, Dami\u00e1n P\u00e9rez, Juan Manuel Fedorco, Fernando Da Rosa, Santiago Salle y Ezequiel Duarte.<\/p>\n<p><strong>Mediocampistas:<\/strong> Gabriel Neves, Federico Mancuello, Lautaro Mill\u00e1n, Alex Luna, David Mart\u00ednez, Diego Tarzia, Jhonny Qui\u00f1\u00f3nez y Tom\u00e1s Parmo.<\/p>\n<p><strong>Delanteros:<\/strong> Gabriel \u00c1valos, Santiago Hidalgo, Ignacio Maestro Puch, Javier Ruiz, Santiago L\u00f3pez y Alexis Canelo.<\/p>\n","protected":false},"excerpt":{"rendered":"<p>Hugo Tocalli confirm\u00f3 la lista de concentrados de Independiente para el partido ante Defensa y Justicia por la fecha 4 de la Liga Profesional. El t\u00e9cnico interino conoce bien a las grandes promesas de Inferiores y por eso subi\u00f3 a Primera a otro juvenil m\u00e1s. Esta vez, el que se gan\u00f3 el lugar fue Ezequiel [&hellip;]<\/p>\n","protected":false},"author":8,"featured_media":119297,"comment_status":"open","ping_status":"closed","sticky":false,"template":"","format":"standard","meta":{"_links_to":"","_links_to_target":""},"categories":[3247,3],"tags":[153,2024,2996,4429,5642,4385,5252,4200],"_links":{"self":[{"href":"https:\/\/www.locoxelrojo.com\/independiente\/wp-json\/wp\/v2\/posts\/119294"}],"collection":[{"href":"https:\/\/www.locoxelrojo.com\/independiente\/wp-json\/wp\/v2\/posts"}],"about":[{"href":"https:\/\/www.locoxelrojo.com\/independiente\/wp-json\/wp\/v2\/types\/post"}],"author":[{"embeddable":true,"href":"https:\/\/www.locoxelrojo.com\/independiente\/wp-json\/wp\/v2\/users\/8"}],"replies":[{"embeddable":true,"href":"https:\/\/www.locoxelrojo.com\/independiente\/wp-json\/wp\/v2\/comments?post=119294"}],"version-history":[{"count":2,"href":"https:\/\/www.locoxelrojo.com\/independiente\/wp-json\/wp\/v2\/posts\/119294\/revisions"}],"predecessor-version":[{"id":119298,"href":"https:\/\/www.locoxelrojo.com\/independiente\/wp-json\/wp\/v2\/posts\/119294\/revisions\/119298"}],"wp:featuredmedia":[{"embeddable":true,"href":"https:\/\/www.locoxelrojo.com\/independiente\/wp-json\/wp\/v2\/media\/119297"}],"wp:attachment":[{"href":"https:\/\/www.locoxelrojo.com\/independiente\/wp-json\/wp\/v2\/media?parent=119294"}],"wp:term":[{"taxonomy":"category","embeddable":true,"href":"https:\/\/www.locoxelrojo.com\/independiente\/wp-json\/wp\/v2\/categories?post=119294"},{"taxonomy":"post_tag","embeddable":true,"href":"https:\/\/www.locoxelrojo.com\/independiente\/wp-json\/wp\/v2\/tags?post=119294"}],"curies":[{"name":"wp","href":"https:\/\/api.w.org\/{rel}","templated":true}]}}