{"id":119301,"date":"2024-06-02T15:36:10","date_gmt":"2024-06-02T18:36:10","guid":{"rendered":"https:\/\/www.locoxelrojo.com\/independiente\/?p=119301"},"modified":"2024-06-03T01:56:01","modified_gmt":"2024-06-03T04:56:01","slug":"saludo-polemico-y-omision-a-barreto","status":"publish","type":"post","link":"https:\/\/www.locoxelrojo.com\/independiente\/2024\/06\/02\/saludo-polemico-y-omision-a-barreto\/","title":{"rendered":"Saludo pol\u00e9mico y omisi\u00f3n a Barreto"},"content":{"rendered":"<p>Pachuca de M\u00e9xico le gan\u00f3 3-0 al Columbus Crew de Estados Unidos y se consagr\u00f3 campe\u00f3n de la ConcaChampions 2024. <strong>Independiente felicit\u00f3 al club y a uno de sus principales directivos, pero se olvid\u00f3 de Sergio Barreto.<\/strong><\/p>\n<p><strong>Jes\u00fas Mart\u00ednez fue clave en la vida institucional de Independiente en el 2023<\/strong>. Fue la persona que gestion\u00f3 el plan de pagos que Am\u00e9rica de M\u00e9xico acept\u00f3 para levantar la inhibici\u00f3n por el pase de Cecilio Dom\u00ednguez. <strong>La relaci\u00f3n de los dirigentes con \u00e9l se acrecent\u00f3 cuando el Grupo Pachuca adquiri\u00f3 el pase de Sergio Barreto al conjunto mexicano y tambi\u00e9n obtuvo el pr\u00e9stamo de Braian Mart\u00ednez para Everton de Chile<\/strong>, uno de los equipos que tiene la empresa.<\/p>\n<p><strong>La cuenta oficial, a trav\u00e9s de las redes sociales, hizo menci\u00f3n al t\u00edtulo y a Mart\u00ednez, pero omiti\u00f3 a Barreto, quien surgi\u00f3 de las Divisiones Inferiores.<\/strong> Por eso, <strong>los hinchas expresaron todo su enojo en los comentarios<\/strong>, ya que fue un posteo pol\u00e9mico y totalmente innecesario. Ni hablar que <strong>jam\u00e1s se difundi\u00f3 y se agradeci\u00f3 lo que los hinchas hicieron en la colecta<\/strong>, que permiti\u00f3 pagar un gran porcentaje del acuerdo con Am\u00e9rica.<\/p>\n<blockquote class=\"twitter-tweet\">\n<p dir=\"ltr\" lang=\"es\">Saludamos a los <a href=\"https:\/\/twitter.com\/Tuzos?ref_src=twsrc%5Etfw\">@Tuzos<\/a> por la obtenci\u00f3n de la <a href=\"https:\/\/twitter.com\/hashtag\/ConcaChampions?src=hash&amp;ref_src=twsrc%5Etfw\">#ConcaChampions<\/a> y felicitamos a sus jugadores, simpatizantes y directivos, en especial a Jes\u00fas Mart\u00ednez, por la clasificaci\u00f3n al Mundial de Clubes.<a href=\"https:\/\/twitter.com\/hashtag\/TodoRojo?src=hash&amp;ref_src=twsrc%5Etfw\">#TodoRojo<\/a> <a href=\"https:\/\/t.co\/jesoADiHht\">https:\/\/t.co\/jesoADiHht<\/a><\/p>\n<p>\u2014 C. A. Independiente (@Independiente) <a href=\"https:\/\/twitter.com\/Independiente\/status\/1797297103485424012?ref_src=twsrc%5Etfw\">June 2, 2024<\/a><\/p><\/blockquote>\n<p><script async src=\"https:\/\/platform.twitter.com\/widgets.js\" charset=\"utf-8\"><\/script><\/p>\n<p><strong>Barreto se merece otro trato. Su venta sirvi\u00f3 para tapar varios agujeros que estos mismos dirigentes generaron<\/strong> y sus objetivos seguir\u00e1n aportando d\u00f3lares frescos. <strong>Y los hinchas, adem\u00e1s de respeto, se merecen m\u00e1s informaci\u00f3n sobre el verdadero v\u00ednculo de Mart\u00ednez y el Grupo Pachuca con el club.<\/strong><\/p>\n<blockquote class=\"instagram-media\" style=\"background: #FFF; border: 0; border-radius: 3px; box-shadow: 0 0 1px 0 rgba(0,0,0,0.5),0 1px 10px 0 rgba(0,0,0,0.15); margin: 1px; max-width: 540px; min-width: 326px; padding: 0; width: calc(100% - 2px);\" data-instgrm-captioned=\"\" data-instgrm-permalink=\"https:\/\/www.instagram.com\/p\/C7uivAsPMby\/?utm_source=ig_embed&amp;utm_campaign=loading\" data-instgrm-version=\"14\">\n<div style=\"padding: 16px;\">\n<p>&nbsp;<\/p>\n<div style=\"display: flex; flex-direction: row; align-items: center;\">\n<div style=\"background-color: #f4f4f4; border-radius: 50%; flex-grow: 0; height: 40px; margin-right: 14px; width: 40px;\"><\/div>\n<div style=\"display: flex; flex-direction: column; flex-grow: 1; justify-content: center;\">\n<div style=\"background-color: #f4f4f4; border-radius: 4px; flex-grow: 0; height: 14px; margin-bottom: 6px; width: 100px;\"><\/div>\n<div style=\"background-color: #f4f4f4; border-radius: 4px; flex-grow: 0; height: 14px; width: 60px;\"><\/div>\n<\/div>\n<\/div>\n<div style=\"padding: 19% 0;\"><\/div>\n<div style=\"display: block; height: 50px; margin: 0 auto 12px; width: 50px;\"><\/div>\n<div style=\"padding-top: 8px;\">\n<div style=\"color: #3897f0; font-family: Arial,sans-serif; font-size: 14px; font-style: normal; font-weight: 550; line-height: 18px;\">Ver esta publicaci\u00f3n en Instagram<\/div>\n<\/div>\n<div style=\"padding: 12.5% 0;\"><\/div>\n<div style=\"display: flex; flex-direction: row; margin-bottom: 14px; align-items: center;\">\n<div>\n<div style=\"background-color: #f4f4f4; border-radius: 50%; height: 12.5px; width: 12.5px; transform: translateX(0px) translateY(7px);\"><\/div>\n<div style=\"background-color: #f4f4f4; height: 12.5px; transform: rotate(-45deg) translateX(3px) translateY(1px); width: 12.5px; flex-grow: 0; margin-right: 14px; margin-left: 2px;\"><\/div>\n<div style=\"background-color: #f4f4f4; border-radius: 50%; height: 12.5px; width: 12.5px; transform: translateX(9px) translateY(-18px);\"><\/div>\n<\/div>\n<div style=\"margin-left: 8px;\">\n<div style=\"background-color: #f4f4f4; border-radius: 50%; flex-grow: 0; height: 20px; width: 20px;\"><\/div>\n<div style=\"width: 0; height: 0; border-top: 2px solid transparent; border-left: 6px solid #f4f4f4; border-bottom: 2px solid transparent; transform: translateX(16px) translateY(-4px) rotate(30deg);\"><\/div>\n<\/div>\n<div style=\"margin-left: auto;\">\n<div style=\"width: 0px; border-top: 8px solid #F4F4F4; border-right: 8px solid transparent; transform: translateY(16px);\"><\/div>\n<div style=\"background-color: #f4f4f4; flex-grow: 0; height: 12px; width: 16px; transform: translateY(-4px);\"><\/div>\n<div style=\"width: 0; height: 0; border-top: 8px solid #F4F4F4; border-left: 8px solid transparent; transform: translateY(-4px) translateX(8px);\"><\/div>\n<\/div>\n<\/div>\n<div style=\"display: flex; flex-direction: column; flex-grow: 1; justify-content: center; margin-bottom: 24px;\">\n<div style=\"background-color: #f4f4f4; border-radius: 4px; flex-grow: 0; height: 14px; margin-bottom: 6px; width: 224px;\"><\/div>\n<div style=\"background-color: #f4f4f4; border-radius: 4px; flex-grow: 0; height: 14px; width: 144px;\"><\/div>\n<\/div>\n<p>&nbsp;<\/p>\n<p style=\"color: #c9c8cd; font-family: Arial,sans-serif; font-size: 14px; line-height: 17px; margin-bottom: 0; margin-top: 8px; overflow: hidden; padding: 8px 0 7px; text-align: center; text-overflow: ellipsis; white-space: nowrap;\"><a style=\"color: #c9c8cd; font-family: Arial,sans-serif; font-size: 14px; font-style: normal; font-weight: normal; line-height: 17px; text-decoration: none;\" href=\"https:\/\/www.instagram.com\/p\/C7uivAsPMby\/?utm_source=ig_embed&amp;utm_campaign=loading\" target=\"_blank\" rel=\"noopener\">Una publicaci\u00f3n compartida de LocoXelRojo.com (@locoxelrojoweb)<\/a><\/p>\n<\/div>\n<\/blockquote>\n<p><script async src=\"\/\/www.instagram.com\/embed.js\"><\/script><\/p>\n","protected":false},"excerpt":{"rendered":"<p>Pachuca de M\u00e9xico le gan\u00f3 3-0 al Columbus Crew de Estados Unidos y se consagr\u00f3 campe\u00f3n de la ConcaChampions 2024. Independiente felicit\u00f3 al club y a uno de sus principales directivos, pero se olvid\u00f3 de Sergio Barreto. Jes\u00fas Mart\u00ednez fue clave en la vida institucional de Independiente en el 2023. Fue la persona que gestion\u00f3 [&hellip;]<\/p>\n","protected":false},"author":1,"featured_media":119302,"comment_status":"open","ping_status":"closed","sticky":false,"template":"","format":"standard","meta":{"_links_to":"","_links_to_target":""},"categories":[3247,3363],"tags":[153,5434,764,3696],"_links":{"self":[{"href":"https:\/\/www.locoxelrojo.com\/independiente\/wp-json\/wp\/v2\/posts\/119301"}],"collection":[{"href":"https:\/\/www.locoxelrojo.com\/independiente\/wp-json\/wp\/v2\/posts"}],"about":[{"href":"https:\/\/www.locoxelrojo.com\/independiente\/wp-json\/wp\/v2\/types\/post"}],"author":[{"embeddable":true,"href":"https:\/\/www.locoxelrojo.com\/independiente\/wp-json\/wp\/v2\/users\/1"}],"replies":[{"embeddable":true,"href":"https:\/\/www.locoxelrojo.com\/independiente\/wp-json\/wp\/v2\/comments?post=119301"}],"version-history":[{"count":3,"href":"https:\/\/www.locoxelrojo.com\/independiente\/wp-json\/wp\/v2\/posts\/119301\/revisions"}],"predecessor-version":[{"id":119315,"href":"https:\/\/www.locoxelrojo.com\/independiente\/wp-json\/wp\/v2\/posts\/119301\/revisions\/119315"}],"wp:featuredmedia":[{"embeddable":true,"href":"https:\/\/www.locoxelrojo.com\/independiente\/wp-json\/wp\/v2\/media\/119302"}],"wp:attachment":[{"href":"https:\/\/www.locoxelrojo.com\/independiente\/wp-json\/wp\/v2\/media?parent=119301"}],"wp:term":[{"taxonomy":"category","embeddable":true,"href":"https:\/\/www.locoxelrojo.com\/independiente\/wp-json\/wp\/v2\/categories?post=119301"},{"taxonomy":"post_tag","embeddable":true,"href":"https:\/\/www.locoxelrojo.com\/independiente\/wp-json\/wp\/v2\/tags?post=119301"}],"curies":[{"name":"wp","href":"https:\/\/api.w.org\/{rel}","templated":true}]}}