{"id":119405,"date":"2024-06-06T18:23:59","date_gmt":"2024-06-06T21:23:59","guid":{"rendered":"https:\/\/www.locoxelrojo.com\/independiente\/?p=119405"},"modified":"2024-06-06T18:23:59","modified_gmt":"2024-06-06T21:23:59","slug":"que-pasara-a-futuro-con-marcone","status":"publish","type":"post","link":"https:\/\/www.locoxelrojo.com\/independiente\/2024\/06\/06\/que-pasara-a-futuro-con-marcone\/","title":{"rendered":"\u00bfQu\u00e9 pasar\u00e1 a futuro con Marcone?"},"content":{"rendered":"<p><strong>Iv\u00e1n Marcone<\/strong> se refiri\u00f3 a la deuda que tiene Independiente con Elche desde su llegada y algunos documentos que tiene por cobrar de su contrato.<\/p>\n<p>Mucho se habla en cada mercado de pase sobre <strong>lo que a\u00fan debe pagar el club por el capit\u00e1n y la finalizaci\u00f3n de su contrato el 31 de diciembre 2024<\/strong>. Es bastante dinero y nadie mejor que Marcone para explicarlo.<\/p>\n<p>En junio 2022, bajo el mandato de Hugo Moyano y la asesor\u00eda de Daniel Montenegro, <strong>Independiente compra a Marcone al conjunto espa\u00f1ol a cambio de 2.000.000 de euros<\/strong>. De toda esa cifra, que se repart\u00eda en varias cuotas, <strong>Elche a\u00fan no vio nada<\/strong>. A trav\u00e9s de Christian Bragarnik, principal accionista del club y representante del club se facilit\u00f3 su arribo, pero lo cierto es que a\u00fan el Rojo no puso un peso y dif\u00edcilmente lo haga en el corto plazo. <strong>&#8220;El tema de Independiente con Elche es algo de club a club y no me meto&#8221;<\/strong>, manifest\u00f3 el futbolista en di\u00e1logo con Muy Independiente.<\/p>\n<p>Por cuestiones l\u00f3gicas, su contrato es uno de los m\u00e1s altos del plantel. Hasta el momento Independiente pudo afrontar gran parte del mismo, pero quedaron algunas cosas pendientes. <strong>&#8220;S\u00ed hay diferencias, pero yo sab\u00eda donde ven\u00eda y no exijo estar al d\u00eda. Conf\u00edo en los dirigentes y en que cuando acomoden, todo eso se pueda solucionar&#8221;<\/strong>, aclar\u00f3.<\/p>\n<p>Le quedan 6 meses m\u00e1s y, seguramente, a partir de ahora llegar\u00e1 negociar uno nuevo, ya que sus intenciones, siempre y cuando las partes est\u00e9n de acuerdo, es permanecer en el Rey de Copas mucho tiempo m\u00e1s: <strong>&#8220;Yo ya cumpl\u00ed un sue\u00f1o jugando ac\u00e1 y me encantar\u00eda seguir&#8221;<\/strong>.<\/p>\n","protected":false},"excerpt":{"rendered":"<p>Iv\u00e1n Marcone se refiri\u00f3 a la deuda que tiene Independiente con Elche desde su llegada y algunos documentos que tiene por cobrar de su contrato. Mucho se habla en cada mercado de pase sobre lo que a\u00fan debe pagar el club por el capit\u00e1n y la finalizaci\u00f3n de su contrato el 31 de diciembre 2024. [&hellip;]<\/p>\n","protected":false},"author":1,"featured_media":117249,"comment_status":"open","ping_status":"closed","sticky":false,"template":"","format":"standard","meta":{"_links_to":"","_links_to_target":""},"categories":[3247,3],"tags":[4511,153,4632,2729],"_links":{"self":[{"href":"https:\/\/www.locoxelrojo.com\/independiente\/wp-json\/wp\/v2\/posts\/119405"}],"collection":[{"href":"https:\/\/www.locoxelrojo.com\/independiente\/wp-json\/wp\/v2\/posts"}],"about":[{"href":"https:\/\/www.locoxelrojo.com\/independiente\/wp-json\/wp\/v2\/types\/post"}],"author":[{"embeddable":true,"href":"https:\/\/www.locoxelrojo.com\/independiente\/wp-json\/wp\/v2\/users\/1"}],"replies":[{"embeddable":true,"href":"https:\/\/www.locoxelrojo.com\/independiente\/wp-json\/wp\/v2\/comments?post=119405"}],"version-history":[{"count":1,"href":"https:\/\/www.locoxelrojo.com\/independiente\/wp-json\/wp\/v2\/posts\/119405\/revisions"}],"predecessor-version":[{"id":119406,"href":"https:\/\/www.locoxelrojo.com\/independiente\/wp-json\/wp\/v2\/posts\/119405\/revisions\/119406"}],"wp:featuredmedia":[{"embeddable":true,"href":"https:\/\/www.locoxelrojo.com\/independiente\/wp-json\/wp\/v2\/media\/117249"}],"wp:attachment":[{"href":"https:\/\/www.locoxelrojo.com\/independiente\/wp-json\/wp\/v2\/media?parent=119405"}],"wp:term":[{"taxonomy":"category","embeddable":true,"href":"https:\/\/www.locoxelrojo.com\/independiente\/wp-json\/wp\/v2\/categories?post=119405"},{"taxonomy":"post_tag","embeddable":true,"href":"https:\/\/www.locoxelrojo.com\/independiente\/wp-json\/wp\/v2\/tags?post=119405"}],"curies":[{"name":"wp","href":"https:\/\/api.w.org\/{rel}","templated":true}]}}