{"id":119431,"date":"2024-06-08T22:09:21","date_gmt":"2024-06-09T01:09:21","guid":{"rendered":"https:\/\/www.locoxelrojo.com\/independiente\/?p=119431"},"modified":"2024-06-08T22:12:09","modified_gmt":"2024-06-09T01:12:09","slug":"costa-independiente-es-mi-casa-me-cambio-la-vida","status":"publish","type":"post","link":"https:\/\/www.locoxelrojo.com\/independiente\/2024\/06\/08\/costa-independiente-es-mi-casa-me-cambio-la-vida\/","title":{"rendered":"Costa: &#8220;Independiente es m\u00ed casa, me cambi\u00f3 la vida&#8221;"},"content":{"rendered":"<p><strong>Ayrton Costa<\/strong> viaj\u00f3 a B\u00e9lgica para sumarse al Royal Antwerp. Antes de subirse al avi\u00f3n, <strong>se despidi\u00f3 de Independiente.<\/strong><\/p>\n<p>Independiente cerr\u00f3 la venta de Costa y el defensor ya parti\u00f3 al viejo continente. <strong>Se vendi\u00f3 el 100% del pase en 2.500.000 d\u00f3lares y se qued\u00f3 con un 10% de una plusval\u00eda.<\/strong> En limpio, <strong>a las arcas del Rojo ingresar\u00e1n casi 2.000.000 de d\u00f3lares<\/strong> y si cumple algunos objetivos habr\u00e1 m\u00e1s en el futuro.<\/p>\n<p><strong>&#8220;Fueron d\u00edas bastantes largos, se esper\u00f3 m\u00e1s de lo normal, pero por suerte se pudo dar la venta&#8221;<\/strong>, expres\u00f3 en di\u00e1logo con ESPN. <strong>&#8220;Es un salto muy lindo. Yo creo que cualquier chico sue\u00f1a con jugar en Europa y hoy por suerte me toc\u00f3 a m\u00ed&#8221;<\/strong>, sum\u00f3.<\/p>\n<p><strong>&#8220;Independiente es m\u00ed casa, me cambi\u00f3 la vida y siempre voy a estar agradecido. Ojal\u00e1 alg\u00fan d\u00eda pueda volver&#8221;<\/strong>, manifest\u00f3. Y para cerrar, le dej\u00f3 un mensaje al hincha: <strong>&#8220;Estoy agradecido a la gente de Independiente, que siempre me trat\u00f3 bien. Les digo que sigan alentando a los chicos y que los acompa\u00f1en hasta el final&#8221;<\/strong>.<\/p>\n<blockquote class=\"twitter-tweet\" data-media-max-width=\"560\">\n<p dir=\"ltr\" lang=\"es\">&#8220;INDEPENDIENTE ES MI CASA&#8230; OJAL\u00c1 ALG\u00daN D\u00cdA PUEDA VOLVER.&#8221; Ayrton Costa habl\u00f3 antes de partir rumbo a B\u00e9lgica para sumarse a Amberes.<\/p>\n<p><a href=\"https:\/\/twitter.com\/hashtag\/SportsCenter?src=hash&amp;ref_src=twsrc%5Etfw\">#SportsCenter<\/a>| <a href=\"https:\/\/twitter.com\/hashtag\/ESPNenStarPlus?src=hash&amp;ref_src=twsrc%5Etfw\">#ESPNenStarPlus<\/a> <a href=\"https:\/\/t.co\/UdppKMgHUU\">pic.twitter.com\/UdppKMgHUU<\/a><\/p>\n<p>\u2014 SportsCenter (@SC_ESPN) <a href=\"https:\/\/twitter.com\/SC_ESPN\/status\/1799494799617069349?ref_src=twsrc%5Etfw\">June 8, 2024<\/a><\/p><\/blockquote>\n<p><script async src=\"https:\/\/platform.twitter.com\/widgets.js\" charset=\"utf-8\"><\/script><\/p>\n","protected":false},"excerpt":{"rendered":"<p>Ayrton Costa viaj\u00f3 a B\u00e9lgica para sumarse al Royal Antwerp. Antes de subirse al avi\u00f3n, se despidi\u00f3 de Independiente. Independiente cerr\u00f3 la venta de Costa y el defensor ya parti\u00f3 al viejo continente. Se vendi\u00f3 el 100% del pase en 2.500.000 d\u00f3lares y se qued\u00f3 con un 10% de una plusval\u00eda. En limpio, a las [&hellip;]<\/p>\n","protected":false},"author":1,"featured_media":119432,"comment_status":"open","ping_status":"closed","sticky":false,"template":"","format":"standard","meta":{"_links_to":"","_links_to_target":""},"categories":[3280,3247],"tags":[4687,153,5630],"_links":{"self":[{"href":"https:\/\/www.locoxelrojo.com\/independiente\/wp-json\/wp\/v2\/posts\/119431"}],"collection":[{"href":"https:\/\/www.locoxelrojo.com\/independiente\/wp-json\/wp\/v2\/posts"}],"about":[{"href":"https:\/\/www.locoxelrojo.com\/independiente\/wp-json\/wp\/v2\/types\/post"}],"author":[{"embeddable":true,"href":"https:\/\/www.locoxelrojo.com\/independiente\/wp-json\/wp\/v2\/users\/1"}],"replies":[{"embeddable":true,"href":"https:\/\/www.locoxelrojo.com\/independiente\/wp-json\/wp\/v2\/comments?post=119431"}],"version-history":[{"count":2,"href":"https:\/\/www.locoxelrojo.com\/independiente\/wp-json\/wp\/v2\/posts\/119431\/revisions"}],"predecessor-version":[{"id":119434,"href":"https:\/\/www.locoxelrojo.com\/independiente\/wp-json\/wp\/v2\/posts\/119431\/revisions\/119434"}],"wp:featuredmedia":[{"embeddable":true,"href":"https:\/\/www.locoxelrojo.com\/independiente\/wp-json\/wp\/v2\/media\/119432"}],"wp:attachment":[{"href":"https:\/\/www.locoxelrojo.com\/independiente\/wp-json\/wp\/v2\/media?parent=119431"}],"wp:term":[{"taxonomy":"category","embeddable":true,"href":"https:\/\/www.locoxelrojo.com\/independiente\/wp-json\/wp\/v2\/categories?post=119431"},{"taxonomy":"post_tag","embeddable":true,"href":"https:\/\/www.locoxelrojo.com\/independiente\/wp-json\/wp\/v2\/tags?post=119431"}],"curies":[{"name":"wp","href":"https:\/\/api.w.org\/{rel}","templated":true}]}}