{"id":119438,"date":"2024-06-09T12:55:51","date_gmt":"2024-06-09T15:55:51","guid":{"rendered":"https:\/\/www.locoxelrojo.com\/independiente\/?p=119438"},"modified":"2024-06-10T00:33:47","modified_gmt":"2024-06-10T03:33:47","slug":"se-reinauguro-la-sede-de-boyaca","status":"publish","type":"post","link":"https:\/\/www.locoxelrojo.com\/independiente\/2024\/06\/09\/se-reinauguro-la-sede-de-boyaca\/","title":{"rendered":"Se reinaugur\u00f3 la Sede de Boyac\u00e1"},"content":{"rendered":"<p><strong>Independiente reinaugur\u00f3 la Sede Social de Boyac\u00e1 y present\u00f3 la puesta en valor del edificio, despu\u00e9s de varios meses de trabajo.<\/strong><\/p>\n<p>Este fin de semana se realiz\u00f3 la reapertura de la sede del Rojo en Flores, ubicada en Boyac\u00e1 470. Entre las novedades, se destaca el espacio gastron\u00f3mico <strong>La Caldera Resto<\/strong>, con una amplia carta para los socios, y la tienda <strong>Independiente Store<\/strong>, para comprar indumentaria y merchandising oficial.<\/p>\n<p>Adem\u00e1s, hay varios detalles que decoran la entrada y los interiores de la sede. Se destaca <strong>el mural<\/strong> con los \u00eddolos del Rey de Copas, el <strong>escudo iluminado en el techo<\/strong>, una r\u00e9plica de la Copa Libertadores y camisetas enmarcadas de <strong>Ricardo Bochini y Sergio Ag\u00fcero<\/strong>.<\/p>\n<blockquote class=\"twitter-tweet\" data-media-max-width=\"560\">\n<p dir=\"ltr\" lang=\"es\">\u00a1La sede de Boyac\u00e1 renovada y con nueva tienda <a href=\"https:\/\/twitter.com\/Store_CAI?ref_src=twsrc%5Etfw\">@Store_CAI<\/a>! <a href=\"https:\/\/twitter.com\/hashtag\/TodoRojo?src=hash&amp;ref_src=twsrc%5Etfw\">#TodoRojo<\/a>  <a href=\"https:\/\/t.co\/XQFvIhylAh\">pic.twitter.com\/XQFvIhylAh<\/a><\/p>\n<p>\u2014 C. A. Independiente (@Independiente) <a href=\"https:\/\/twitter.com\/Independiente\/status\/1799932045361058010?ref_src=twsrc%5Etfw\">June 9, 2024<\/a><\/p><\/blockquote>\n<p><script async src=\"https:\/\/platform.twitter.com\/widgets.js\" charset=\"utf-8\"><\/script><\/p>\n<p>El club present\u00f3 las obras con un evento del que participaron <strong>glorias hist\u00f3ricas de la instituci\u00f3n como el propio Bochini, Miguel \u00c1ngel Santoro y Ricardo Pavoni<\/strong>, algunos dirigentes y socios que practican deportes en Boyac\u00e1, entre otros.<\/p>\n<p>El nuevo restaurante funcionar\u00e1 de<strong> martes a s\u00e1bados de 20 a 00 hs, y los s\u00e1bados y domingos de 12 a 16 hs<\/strong>. Se puede hacer una reserva previa a trav\u00e9s de <a href=\"https:\/\/www.instagram.com\/lacalderaresto\/\">la cuenta de Instagram <strong>@lacalderaresto<\/strong><\/a>.<\/p>\n<blockquote class=\"twitter-tweet\" data-media-max-width=\"560\">\n<p dir=\"ltr\" lang=\"es\">\u00a1Acercate a disfrutar la Sede Capital!<\/p>\n<p>Hoy se realiz\u00f3 un gran evento con glorias del Club, directivos y much\u00edsimos socios y socias que forman parte de la comunidad de Boyac\u00e1 para presentar la puesta en valor del edificio.<a href=\"https:\/\/twitter.com\/hashtag\/TodoRojo?src=hash&amp;ref_src=twsrc%5Etfw\">#TodoRojo<\/a>  <a href=\"https:\/\/t.co\/7oDMEt5iTK\">pic.twitter.com\/7oDMEt5iTK<\/a><\/p>\n<p>\u2014 C. A. Independiente (@Independiente) <a href=\"https:\/\/twitter.com\/Independiente\/status\/1799625680889770282?ref_src=twsrc%5Etfw\">June 9, 2024<\/a><\/p><\/blockquote>\n<p><script async src=\"https:\/\/platform.twitter.com\/widgets.js\" charset=\"utf-8\"><\/script><\/p>\n","protected":false},"excerpt":{"rendered":"<p>Independiente reinaugur\u00f3 la Sede Social de Boyac\u00e1 y present\u00f3 la puesta en valor del edificio, despu\u00e9s de varios meses de trabajo. Este fin de semana se realiz\u00f3 la reapertura de la sede del Rojo en Flores, ubicada en Boyac\u00e1 470. Entre las novedades, se destaca el espacio gastron\u00f3mico La Caldera Resto, con una amplia carta [&hellip;]<\/p>\n","protected":false},"author":8,"featured_media":119439,"comment_status":"open","ping_status":"closed","sticky":false,"template":"","format":"standard","meta":{"_links_to":"","_links_to_target":""},"categories":[3247,4],"tags":[153,518],"_links":{"self":[{"href":"https:\/\/www.locoxelrojo.com\/independiente\/wp-json\/wp\/v2\/posts\/119438"}],"collection":[{"href":"https:\/\/www.locoxelrojo.com\/independiente\/wp-json\/wp\/v2\/posts"}],"about":[{"href":"https:\/\/www.locoxelrojo.com\/independiente\/wp-json\/wp\/v2\/types\/post"}],"author":[{"embeddable":true,"href":"https:\/\/www.locoxelrojo.com\/independiente\/wp-json\/wp\/v2\/users\/8"}],"replies":[{"embeddable":true,"href":"https:\/\/www.locoxelrojo.com\/independiente\/wp-json\/wp\/v2\/comments?post=119438"}],"version-history":[{"count":1,"href":"https:\/\/www.locoxelrojo.com\/independiente\/wp-json\/wp\/v2\/posts\/119438\/revisions"}],"predecessor-version":[{"id":119440,"href":"https:\/\/www.locoxelrojo.com\/independiente\/wp-json\/wp\/v2\/posts\/119438\/revisions\/119440"}],"wp:featuredmedia":[{"embeddable":true,"href":"https:\/\/www.locoxelrojo.com\/independiente\/wp-json\/wp\/v2\/media\/119439"}],"wp:attachment":[{"href":"https:\/\/www.locoxelrojo.com\/independiente\/wp-json\/wp\/v2\/media?parent=119438"}],"wp:term":[{"taxonomy":"category","embeddable":true,"href":"https:\/\/www.locoxelrojo.com\/independiente\/wp-json\/wp\/v2\/categories?post=119438"},{"taxonomy":"post_tag","embeddable":true,"href":"https:\/\/www.locoxelrojo.com\/independiente\/wp-json\/wp\/v2\/tags?post=119438"}],"curies":[{"name":"wp","href":"https:\/\/api.w.org\/{rel}","templated":true}]}}