{"id":119505,"date":"2024-06-13T18:28:52","date_gmt":"2024-06-13T21:28:52","guid":{"rendered":"https:\/\/www.locoxelrojo.com\/independiente\/?p=119505"},"modified":"2024-06-13T19:05:48","modified_gmt":"2024-06-13T22:05:48","slug":"julio-vaccari-es-el-nuevo-tecnico-de-independiente","status":"publish","type":"post","link":"https:\/\/www.locoxelrojo.com\/independiente\/2024\/06\/13\/julio-vaccari-es-el-nuevo-tecnico-de-independiente\/","title":{"rendered":"Julio Vaccari es el nuevo t\u00e9cnico de Independiente"},"content":{"rendered":"<p><strong>Julio Vaccari firm\u00f3 su contrato y fue presentado oficialmente como entrenador de Independiente.<\/strong><\/p>\n<p>Este jueves, en las oficinas del estadio Libertadores de Am\u00e9rica &#8211; Ricardo Enrique Bochini, Vaccari <strong>sell\u00f3 su v\u00ednculo como nuevo DT del Rojo hasta diciembre 2025<\/strong>.<\/p>\n<blockquote class=\"twitter-tweet\">\n<p dir=\"ltr\" lang=\"es\">\u270d\ufe0f Julio Vaccari es el nuevo Director T\u00e9cnico de <a href=\"https:\/\/twitter.com\/hashtag\/Independiente?src=hash&amp;ref_src=twsrc%5Etfw\">#Independiente<\/a>.<\/p>\n<p>Acaba de firmar su contrato en el Estadio hasta diciembre de 2025 \u00a1Bienvenido al Rey de Copas!<a href=\"https:\/\/twitter.com\/hashtag\/TodoRojo?src=hash&amp;ref_src=twsrc%5Etfw\">#TodoRojo<\/a>  <a href=\"https:\/\/t.co\/HCWDm69lSk\">pic.twitter.com\/HCWDm69lSk<\/a><\/p>\n<p>\u2014 C. A. Independiente (@Independiente) <a href=\"https:\/\/twitter.com\/Independiente\/status\/1801263766002172200?ref_src=twsrc%5Etfw\">June 13, 2024<\/a><\/p><\/blockquote>\n<p><script async src=\"https:\/\/platform.twitter.com\/widgets.js\" charset=\"utf-8\"><\/script><\/p>\n<p>Adem\u00e1s de la cl\u00e1sica presentaci\u00f3n en las diferentes plataformas oficiales del club, brind\u00f3 una conferencia de prensa en la que estuvo acompa\u00f1ado por <strong>el presidente N\u00e9stor Grindetti y el secretario general Daniel Seoane.<\/strong><\/p>\n<blockquote class=\"twitter-tweet\">\n<p dir=\"ltr\" lang=\"es\"> Firma, foto oficial y posterior conferencia de prensa.<\/p>\n<p>Julio Vaccari ya es el DT de <a href=\"https:\/\/twitter.com\/hashtag\/Independiente?src=hash&amp;ref_src=twsrc%5Etfw\">#Independiente<\/a>.<a href=\"https:\/\/twitter.com\/hashtag\/TodoRojo?src=hash&amp;ref_src=twsrc%5Etfw\">#TodoRojo<\/a>  <a href=\"https:\/\/t.co\/cqmmrb1ioq\">pic.twitter.com\/cqmmrb1ioq<\/a><\/p>\n<p>\u2014 C. A. Independiente (@Independiente) <a href=\"https:\/\/twitter.com\/Independiente\/status\/1801270392574656588?ref_src=twsrc%5Etfw\">June 13, 2024<\/a><\/p><\/blockquote>\n<p><script async src=\"https:\/\/platform.twitter.com\/widgets.js\" charset=\"utf-8\"><\/script><\/p>\n<p>El cuerpo t\u00e9cnico es el mismo que lo acompa\u00f1\u00f3 en su ciclo por Defensa y Justicia. <strong>Gino Navone y Gast\u00f3n Saccani <\/strong>ser\u00e1n los ayudantes de campo y se sumar\u00e1 un viejo conocido de la casa: <strong>Gast\u00f3n Mach\u00edn<\/strong>. La preparaci\u00f3n f\u00edsica estar\u00e1 encabezada por <strong>Mat\u00edas Palarino<\/strong>, mientras que <strong>Gustavo Sikan<\/strong> ser\u00e1 el entrenador de arqueros.<\/p>\n<p>La pretemporada y <strong>el primer encuentro con los jugadores ser\u00e1 el 27 de junio en el Predio de Villa Dom\u00ednico<\/strong>.<\/p>\n","protected":false},"excerpt":{"rendered":"<p>Julio Vaccari firm\u00f3 su contrato y fue presentado oficialmente como entrenador de Independiente. Este jueves, en las oficinas del estadio Libertadores de Am\u00e9rica &#8211; Ricardo Enrique Bochini, Vaccari sell\u00f3 su v\u00ednculo como nuevo DT del Rojo hasta diciembre 2025. \u270d\ufe0f Julio Vaccari es el nuevo Director T\u00e9cnico de #Independiente. Acaba de firmar su contrato en [&hellip;]<\/p>\n","protected":false},"author":1,"featured_media":119506,"comment_status":"open","ping_status":"closed","sticky":false,"template":"","format":"standard","meta":{"_links_to":"","_links_to_target":""},"categories":[3247,3],"tags":[153,5633],"_links":{"self":[{"href":"https:\/\/www.locoxelrojo.com\/independiente\/wp-json\/wp\/v2\/posts\/119505"}],"collection":[{"href":"https:\/\/www.locoxelrojo.com\/independiente\/wp-json\/wp\/v2\/posts"}],"about":[{"href":"https:\/\/www.locoxelrojo.com\/independiente\/wp-json\/wp\/v2\/types\/post"}],"author":[{"embeddable":true,"href":"https:\/\/www.locoxelrojo.com\/independiente\/wp-json\/wp\/v2\/users\/1"}],"replies":[{"embeddable":true,"href":"https:\/\/www.locoxelrojo.com\/independiente\/wp-json\/wp\/v2\/comments?post=119505"}],"version-history":[{"count":1,"href":"https:\/\/www.locoxelrojo.com\/independiente\/wp-json\/wp\/v2\/posts\/119505\/revisions"}],"predecessor-version":[{"id":119507,"href":"https:\/\/www.locoxelrojo.com\/independiente\/wp-json\/wp\/v2\/posts\/119505\/revisions\/119507"}],"wp:featuredmedia":[{"embeddable":true,"href":"https:\/\/www.locoxelrojo.com\/independiente\/wp-json\/wp\/v2\/media\/119506"}],"wp:attachment":[{"href":"https:\/\/www.locoxelrojo.com\/independiente\/wp-json\/wp\/v2\/media?parent=119505"}],"wp:term":[{"taxonomy":"category","embeddable":true,"href":"https:\/\/www.locoxelrojo.com\/independiente\/wp-json\/wp\/v2\/categories?post=119505"},{"taxonomy":"post_tag","embeddable":true,"href":"https:\/\/www.locoxelrojo.com\/independiente\/wp-json\/wp\/v2\/tags?post=119505"}],"curies":[{"name":"wp","href":"https:\/\/api.w.org\/{rel}","templated":true}]}}