{"id":119641,"date":"2024-06-27T11:11:45","date_gmt":"2024-06-27T14:11:45","guid":{"rendered":"https:\/\/www.locoxelrojo.com\/independiente\/?p=119641"},"modified":"2024-06-27T18:28:09","modified_gmt":"2024-06-27T21:28:09","slug":"tocalli-vaccari-es-un-fanatico-del-trabajo","status":"publish","type":"post","link":"https:\/\/www.locoxelrojo.com\/independiente\/2024\/06\/27\/tocalli-vaccari-es-un-fanatico-del-trabajo\/","title":{"rendered":"Tocalli: &#8220;Vaccari es un fan\u00e1tico del trabajo&#8221;"},"content":{"rendered":"<p><strong>Hugo Tocalli<\/strong> dialog\u00f3 con Infierno Rojo y opin\u00f3 de Julio Vaccari, flamante entrenador de Independiente.<\/p>\n<p>El coordinador de juveniles fue una de las caras m\u00e1s importantes en los \u00faltimos meses del Rojo. No solo asumi\u00f3 como DT interino, tambi\u00e9n dio el visto bueno para la llegada de Vaccari: <strong>&#8220;Vi un fan\u00e1tico del trabajo, conoce todos los jugadores de las Inferiores de Independiente&#8221;<\/strong>.<\/p>\n<p>Adem\u00e1s, admiti\u00f3 que tuvo una extensa charla con \u00e9l: <strong>&#8220;El d\u00eda que Vaccari fue presentado estuvimos hablando una hora o dos. Estamos para colaborar con lo que necesite la Primera&#8221;<\/strong>.<\/p>\n<p>Tambi\u00e9n, se refiri\u00f3 a la situaci\u00f3n de dos juveniles, Santiago Salle y Tom\u00e1s Parmo. <strong>&#8220;Salle estaba siendo extremo, un d\u00eda habl\u00e9 con \u00e9l y decidi\u00f3 jugar de lateral derecho. Tiene que seguir trabajando para ser el 4 de Independiente \u00bfParmo? Yo debo ser el primero que lo quiere jugando en Primera. Los partidos que se presentaron no eran para que entre, no tiene la experiencia&#8221;<\/strong>, cerr\u00f3.<\/p>\n","protected":false},"excerpt":{"rendered":"<p>Hugo Tocalli dialog\u00f3 con Infierno Rojo y opin\u00f3 de Julio Vaccari, flamante entrenador de Independiente. El coordinador de juveniles fue una de las caras m\u00e1s importantes en los \u00faltimos meses del Rojo. No solo asumi\u00f3 como DT interino, tambi\u00e9n dio el visto bueno para la llegada de Vaccari: &#8220;Vi un fan\u00e1tico del trabajo, conoce todos [&hellip;]<\/p>\n","protected":false},"author":101039,"featured_media":119642,"comment_status":"open","ping_status":"closed","sticky":false,"template":"","format":"standard","meta":{"_links_to":"","_links_to_target":""},"categories":[3280,3247],"tags":[153,5345,5633],"_links":{"self":[{"href":"https:\/\/www.locoxelrojo.com\/independiente\/wp-json\/wp\/v2\/posts\/119641"}],"collection":[{"href":"https:\/\/www.locoxelrojo.com\/independiente\/wp-json\/wp\/v2\/posts"}],"about":[{"href":"https:\/\/www.locoxelrojo.com\/independiente\/wp-json\/wp\/v2\/types\/post"}],"author":[{"embeddable":true,"href":"https:\/\/www.locoxelrojo.com\/independiente\/wp-json\/wp\/v2\/users\/101039"}],"replies":[{"embeddable":true,"href":"https:\/\/www.locoxelrojo.com\/independiente\/wp-json\/wp\/v2\/comments?post=119641"}],"version-history":[{"count":1,"href":"https:\/\/www.locoxelrojo.com\/independiente\/wp-json\/wp\/v2\/posts\/119641\/revisions"}],"predecessor-version":[{"id":119643,"href":"https:\/\/www.locoxelrojo.com\/independiente\/wp-json\/wp\/v2\/posts\/119641\/revisions\/119643"}],"wp:featuredmedia":[{"embeddable":true,"href":"https:\/\/www.locoxelrojo.com\/independiente\/wp-json\/wp\/v2\/media\/119642"}],"wp:attachment":[{"href":"https:\/\/www.locoxelrojo.com\/independiente\/wp-json\/wp\/v2\/media?parent=119641"}],"wp:term":[{"taxonomy":"category","embeddable":true,"href":"https:\/\/www.locoxelrojo.com\/independiente\/wp-json\/wp\/v2\/categories?post=119641"},{"taxonomy":"post_tag","embeddable":true,"href":"https:\/\/www.locoxelrojo.com\/independiente\/wp-json\/wp\/v2\/tags?post=119641"}],"curies":[{"name":"wp","href":"https:\/\/api.w.org\/{rel}","templated":true}]}}