{"id":119683,"date":"2024-06-29T15:37:29","date_gmt":"2024-06-29T18:37:29","guid":{"rendered":"https:\/\/www.locoxelrojo.com\/independiente\/?p=119683"},"modified":"2024-06-29T18:47:14","modified_gmt":"2024-06-29T21:47:14","slug":"dias-y-horarios-para-el-regreso-de-la-liga-profesional","status":"publish","type":"post","link":"https:\/\/www.locoxelrojo.com\/independiente\/2024\/06\/29\/dias-y-horarios-para-el-regreso-de-la-liga-profesional\/","title":{"rendered":"D\u00edas y horarios para el regreso de la Liga Profesional"},"content":{"rendered":"<p><strong>Desde AFA anunciaron el cronograma de las pr\u00f3ximas cuatro fechas de la Liga Profesional.<\/strong><strong> Independiente se prepara para la vuelta del f\u00fatbol local.<\/strong><\/p>\n<p>En primera instancia, y en lo que ser\u00e1 el debut de Julio Vaccari como entrenador del equipo, el Rojo <strong>visitar\u00e1 a Instituto en C\u00f3rdoba el jueves 18 de julio desde las 21:00<\/strong>, por la 6\u00aa fecha del campeonato.<\/p>\n<p>Luego, para la vuelta al Libertadores de Am\u00e9rica &#8211; Ricardo Enrique Bochini, Independiente <strong>recibir\u00e1 a Barracas Central el martes 23 de julio a las 21:00<\/strong>, por la 7\u00aa jornada.<\/p>\n<p>En cuanto a las fechas 8 y 9, el Rojo <strong>visitar\u00e1 a Independiente Rivadavia el s\u00e1bado 27 de julio a las 15:00<\/strong> en Mendoza, y luego, <strong>recibir\u00e1 a San Lorenzo el s\u00e1bado 3 de agosto desde las 19:15 <\/strong>en Avellaneda.<\/p>\n<p>Tras las 5 fechas ya disputadas, el equipo se encuentra en el <strong>puesto 17 del campeonato con 6 unidades<\/strong>, y deber\u00e1 sumar una buena cantidad de puntos si quiere meterse en puestos de copa. Actualmente est\u00e1 a s\u00f3lo 1 punto de la Sudamericana y a 6 de Libertadores.<\/p>\n","protected":false},"excerpt":{"rendered":"<p>Desde AFA anunciaron el cronograma de las pr\u00f3ximas cuatro fechas de la Liga Profesional. Independiente se prepara para la vuelta del f\u00fatbol local. En primera instancia, y en lo que ser\u00e1 el debut de Julio Vaccari como entrenador del equipo, el Rojo visitar\u00e1 a Instituto en C\u00f3rdoba el jueves 18 de julio desde las 21:00, [&hellip;]<\/p>\n","protected":false},"author":101037,"featured_media":119476,"comment_status":"open","ping_status":"closed","sticky":false,"template":"","format":"standard","meta":{"_links_to":"","_links_to_target":""},"categories":[3280,3247],"tags":[3142,153,611,2643,5629,382],"_links":{"self":[{"href":"https:\/\/www.locoxelrojo.com\/independiente\/wp-json\/wp\/v2\/posts\/119683"}],"collection":[{"href":"https:\/\/www.locoxelrojo.com\/independiente\/wp-json\/wp\/v2\/posts"}],"about":[{"href":"https:\/\/www.locoxelrojo.com\/independiente\/wp-json\/wp\/v2\/types\/post"}],"author":[{"embeddable":true,"href":"https:\/\/www.locoxelrojo.com\/independiente\/wp-json\/wp\/v2\/users\/101037"}],"replies":[{"embeddable":true,"href":"https:\/\/www.locoxelrojo.com\/independiente\/wp-json\/wp\/v2\/comments?post=119683"}],"version-history":[{"count":2,"href":"https:\/\/www.locoxelrojo.com\/independiente\/wp-json\/wp\/v2\/posts\/119683\/revisions"}],"predecessor-version":[{"id":119687,"href":"https:\/\/www.locoxelrojo.com\/independiente\/wp-json\/wp\/v2\/posts\/119683\/revisions\/119687"}],"wp:featuredmedia":[{"embeddable":true,"href":"https:\/\/www.locoxelrojo.com\/independiente\/wp-json\/wp\/v2\/media\/119476"}],"wp:attachment":[{"href":"https:\/\/www.locoxelrojo.com\/independiente\/wp-json\/wp\/v2\/media?parent=119683"}],"wp:term":[{"taxonomy":"category","embeddable":true,"href":"https:\/\/www.locoxelrojo.com\/independiente\/wp-json\/wp\/v2\/categories?post=119683"},{"taxonomy":"post_tag","embeddable":true,"href":"https:\/\/www.locoxelrojo.com\/independiente\/wp-json\/wp\/v2\/tags?post=119683"}],"curies":[{"name":"wp","href":"https:\/\/api.w.org\/{rel}","templated":true}]}}