{"id":119696,"date":"2024-06-29T23:50:52","date_gmt":"2024-06-30T02:50:52","guid":{"rendered":"https:\/\/www.locoxelrojo.com\/independiente\/?p=119696"},"modified":"2024-06-30T21:22:12","modified_gmt":"2024-07-01T00:22:12","slug":"isla-eliminado-vacaciones-y-charlas-pendientes","status":"publish","type":"post","link":"https:\/\/www.locoxelrojo.com\/independiente\/2024\/06\/29\/isla-eliminado-vacaciones-y-charlas-pendientes\/","title":{"rendered":"Isla eliminado, vacaciones y charlas pendientes"},"content":{"rendered":"<p>Chile empat\u00f3 0-0 con Canad\u00e1, qued\u00f3 en el tercer puesto del Grupo A y fue eliminado de la Copa Am\u00e9rica. <strong>Mauricio Isla jug\u00f3 todo el partido. \u00bfVuelve a Independiente?<\/strong><\/p>\n<p>Los dirigidos por Ricardo Gareca, otro ex Rojo, no tuvieron una buena competencia y se quedaron afuera en primera ronda. El lateral chileno tuvo bastante rodaje, fue titular en todos los encuentros, <strong>pero en el mundo Independiente lo que interesa es saber qu\u00e9 ser\u00e1 de su futuro.<\/strong><\/p>\n<p>Su postura fue clara <a href=\"https:\/\/www.locoxelrojo.com\/independiente\/2024\/06\/26\/mauricio-isla-fue-contundente-con-su-futuro-en-independiente\/\">cuando manifest\u00f3 que se quer\u00eda ir<\/a>, tambi\u00e9n <a href=\"https:\/\/www.locoxelrojo.com\/independiente\/2024\/06\/26\/isla-vs-dirigentes-que-pasara\/\">la de los dirigentes que pretenden que cumpla su contrato o recibir un resarcimiento econ\u00f3mico<\/a>. <strong>Julio Vaccari lo quiere, siempre y cuando el lateral tenga ganas realmente ganas de estar<\/strong> y <a href=\"https:\/\/www.locoxelrojo.com\/independiente\/2024\/06\/28\/mancuello-tengo-muchas-ganas-de-revertir-el-presente-y-mostrar-mi-mejor-version\/\">el plantel lo respalda y lo espera, tal como dej\u00f3 en claro Federico Mancuello.<\/a><\/p>\n<p>Lo cierto es que <strong>su entorno no acerc\u00f3 ninguna propuesta formal y al club tampoco lleg\u00f3 nada oficial<\/strong>. Por eso, <strong>se decidi\u00f3 darle una licencia ya que no cont\u00f3 con d\u00edas de vacaciones como el resto de sus compa\u00f1eros<\/strong>. Luego, <strong>tanto el DT como los dirigentes quieren tener una charla con el jugador para saber su postura<\/strong> y, despu\u00e9s de eso, tomar una decisi\u00f3n.<\/p>\n<p>Dif\u00edcilmente contin\u00fae, pero <strong>la novela tendr\u00e1 un par de cap\u00edtulos m\u00e1s<\/strong>.<\/p>\n","protected":false},"excerpt":{"rendered":"<p>Chile empat\u00f3 0-0 con Canad\u00e1, qued\u00f3 en el tercer puesto del Grupo A y fue eliminado de la Copa Am\u00e9rica. Mauricio Isla jug\u00f3 todo el partido. \u00bfVuelve a Independiente? Los dirigidos por Ricardo Gareca, otro ex Rojo, no tuvieron una buena competencia y se quedaron afuera en primera ronda. El lateral chileno tuvo bastante rodaje, [&hellip;]<\/p>\n","protected":false},"author":1,"featured_media":119701,"comment_status":"open","ping_status":"closed","sticky":false,"template":"","format":"standard","meta":{"_links_to":"","_links_to_target":""},"categories":[3280,3247],"tags":[153,5641,5474,4026],"_links":{"self":[{"href":"https:\/\/www.locoxelrojo.com\/independiente\/wp-json\/wp\/v2\/posts\/119696"}],"collection":[{"href":"https:\/\/www.locoxelrojo.com\/independiente\/wp-json\/wp\/v2\/posts"}],"about":[{"href":"https:\/\/www.locoxelrojo.com\/independiente\/wp-json\/wp\/v2\/types\/post"}],"author":[{"embeddable":true,"href":"https:\/\/www.locoxelrojo.com\/independiente\/wp-json\/wp\/v2\/users\/1"}],"replies":[{"embeddable":true,"href":"https:\/\/www.locoxelrojo.com\/independiente\/wp-json\/wp\/v2\/comments?post=119696"}],"version-history":[{"count":1,"href":"https:\/\/www.locoxelrojo.com\/independiente\/wp-json\/wp\/v2\/posts\/119696\/revisions"}],"predecessor-version":[{"id":119702,"href":"https:\/\/www.locoxelrojo.com\/independiente\/wp-json\/wp\/v2\/posts\/119696\/revisions\/119702"}],"wp:featuredmedia":[{"embeddable":true,"href":"https:\/\/www.locoxelrojo.com\/independiente\/wp-json\/wp\/v2\/media\/119701"}],"wp:attachment":[{"href":"https:\/\/www.locoxelrojo.com\/independiente\/wp-json\/wp\/v2\/media?parent=119696"}],"wp:term":[{"taxonomy":"category","embeddable":true,"href":"https:\/\/www.locoxelrojo.com\/independiente\/wp-json\/wp\/v2\/categories?post=119696"},{"taxonomy":"post_tag","embeddable":true,"href":"https:\/\/www.locoxelrojo.com\/independiente\/wp-json\/wp\/v2\/tags?post=119696"}],"curies":[{"name":"wp","href":"https:\/\/api.w.org\/{rel}","templated":true}]}}