{"id":119847,"date":"2024-07-11T21:51:24","date_gmt":"2024-07-12T00:51:24","guid":{"rendered":"https:\/\/www.locoxelrojo.com\/independiente\/?p=119847"},"modified":"2024-07-11T21:51:24","modified_gmt":"2024-07-12T00:51:24","slug":"tras-las-criticas-aparecio-algo-de-abrigo","status":"publish","type":"post","link":"https:\/\/www.locoxelrojo.com\/independiente\/2024\/07\/11\/tras-las-criticas-aparecio-algo-de-abrigo\/","title":{"rendered":"Tras las cr\u00edticas, apareci\u00f3 algo de abrigo"},"content":{"rendered":"<p><strong>Las Divisiones Inferiores de Independiente recibieron ropa de abrigo<\/strong>, luego de <a href=\"https:\/\/www.locoxelrojo.com\/independiente\/2024\/07\/10\/aguero-fue-contundente-con-la-situacion-de-las-inferiores\/\">las fuertes declaraciones de Sergio Ag\u00fcero. <\/a><\/p>\n<p><strong>El Kun expuso p\u00fablicamente un problema que viene pasando hace bastante en el club<\/strong>: la falta de indumentaria en Juveniles, F\u00fatbol Femenino y otras disciplinas. Las quejas internas de los deportistas eran recurrentes, pero <strong>Ag\u00fcero le puso voz al reclamo y m\u00e1gicamente apareci\u00f3 una soluci\u00f3n.<\/strong><\/p>\n<p>Desde las plataformas digitales subieron un video donde mostraban el entrenamiento de los pibes luciendo ropa m\u00e1s adecuada a las bajas temperaturas por las que atraviesa el pa\u00eds. <strong>&#8220;Para combatir la ola de fr\u00edo, el plantel profesional en conjunto con el Club adquiri\u00f3 nuevas prendas de abrigo (remeras y calzas t\u00e9rmicas, cuellos y guantes) para reforzar la protecci\u00f3n de los pibes&#8221;<\/strong>, explica el posteo.<\/p>\n<p>Lo ideal ser\u00eda que <strong>el plantel profesional no tenga que hacer ning\u00fan aporte externo, tampoco que el club tenga que adquirir algo extra que ya est\u00e1 estipulado en un contrato con la marca que viste a Independiente<\/strong>. \u00bfD\u00f3nde fue a parar toda la ropa?<\/p>\n<p>Tampoco es necesario que un medio o una figura p\u00fablica desnude esta problem\u00e1tica. La verdadera inversi\u00f3n es ac\u00e1. <strong>Bien por actuar r\u00e1pido, pero sin negligencias y un poco de sentido com\u00fan, estas cosas se evitaban.<\/strong><\/p>\n","protected":false},"excerpt":{"rendered":"<p>Las Divisiones Inferiores de Independiente recibieron ropa de abrigo, luego de las fuertes declaraciones de Sergio Ag\u00fcero. El Kun expuso p\u00fablicamente un problema que viene pasando hace bastante en el club: la falta de indumentaria en Juveniles, F\u00fatbol Femenino y otras disciplinas. Las quejas internas de los deportistas eran recurrentes, pero Ag\u00fcero le puso voz [&hellip;]<\/p>\n","protected":false},"author":1,"featured_media":119848,"comment_status":"open","ping_status":"closed","sticky":false,"template":"","format":"standard","meta":{"_links_to":"","_links_to_target":""},"categories":[3280,3247],"tags":[153,194,143],"_links":{"self":[{"href":"https:\/\/www.locoxelrojo.com\/independiente\/wp-json\/wp\/v2\/posts\/119847"}],"collection":[{"href":"https:\/\/www.locoxelrojo.com\/independiente\/wp-json\/wp\/v2\/posts"}],"about":[{"href":"https:\/\/www.locoxelrojo.com\/independiente\/wp-json\/wp\/v2\/types\/post"}],"author":[{"embeddable":true,"href":"https:\/\/www.locoxelrojo.com\/independiente\/wp-json\/wp\/v2\/users\/1"}],"replies":[{"embeddable":true,"href":"https:\/\/www.locoxelrojo.com\/independiente\/wp-json\/wp\/v2\/comments?post=119847"}],"version-history":[{"count":1,"href":"https:\/\/www.locoxelrojo.com\/independiente\/wp-json\/wp\/v2\/posts\/119847\/revisions"}],"predecessor-version":[{"id":119849,"href":"https:\/\/www.locoxelrojo.com\/independiente\/wp-json\/wp\/v2\/posts\/119847\/revisions\/119849"}],"wp:featuredmedia":[{"embeddable":true,"href":"https:\/\/www.locoxelrojo.com\/independiente\/wp-json\/wp\/v2\/media\/119848"}],"wp:attachment":[{"href":"https:\/\/www.locoxelrojo.com\/independiente\/wp-json\/wp\/v2\/media?parent=119847"}],"wp:term":[{"taxonomy":"category","embeddable":true,"href":"https:\/\/www.locoxelrojo.com\/independiente\/wp-json\/wp\/v2\/categories?post=119847"},{"taxonomy":"post_tag","embeddable":true,"href":"https:\/\/www.locoxelrojo.com\/independiente\/wp-json\/wp\/v2\/tags?post=119847"}],"curies":[{"name":"wp","href":"https:\/\/api.w.org\/{rel}","templated":true}]}}