{"id":119902,"date":"2024-07-15T18:19:40","date_gmt":"2024-07-15T21:19:40","guid":{"rendered":"https:\/\/www.locoxelrojo.com\/independiente\/?p=119902"},"modified":"2024-07-15T18:19:40","modified_gmt":"2024-07-15T21:19:40","slug":"cuarteto-en-ataque","status":"publish","type":"post","link":"https:\/\/www.locoxelrojo.com\/independiente\/2024\/07\/15\/cuarteto-en-ataque\/","title":{"rendered":"Cuarteto en ataque"},"content":{"rendered":"<p><strong>Independiente se entren\u00f3 este lunes pensando en lo que ser\u00e1 la vuelta al ruedo en la Liga Profesional, ante Instituto en C\u00f3rdoba.<\/strong><\/p>\n<p>Los dirigidos por Julio Vaccari se hicieron presente en Villa Dom\u00ednico con la cabeza puesta en el partido del jueves. <strong>Realizaron trabajos de circulaci\u00f3n baja, asociaciones con finalizaci\u00f3n y pelotas detenidas.<\/strong><\/p>\n<blockquote class=\"twitter-tweet\">\n<p dir=\"ltr\" lang=\"es\">Lunes de pr\u00e1cticas en el predio.<\/p>\n<p>&#8211; Circulaci\u00f3n baja<br \/>\n&#8211; Asociaciones con finalizaci\u00f3n<br \/>\n&#8211; Detenidas<a href=\"https:\/\/twitter.com\/hashtag\/TodoRojo?src=hash&amp;ref_src=twsrc%5Etfw\">#TodoRojo<\/a>  <a href=\"https:\/\/t.co\/cqiN4llaBK\">pic.twitter.com\/cqiN4llaBK<\/a><\/p>\n<p>\u2014 C. A. Independiente (@Independiente) <a href=\"https:\/\/twitter.com\/Independiente\/status\/1812916247472054768?ref_src=twsrc%5Etfw\">July 15, 2024<\/a><\/p><\/blockquote>\n<p><script async src=\"https:\/\/platform.twitter.com\/widgets.js\" charset=\"utf-8\"><\/script><br \/>\nEl DT ya piensa en el equipo que saldr\u00e1 a la cancha para visitar a la Gloria y <strong>da algunos indicios<\/strong> para comenzar a vislumbrar c\u00f3mo estar\u00e1 conformado el ataque:<strong> Santiago L\u00f3pez, Alex Luna y Santiago Hidalgo participaron de varios ejercicios detr\u00e1s de Gabriel \u00c1valos. <\/strong><\/p>\n<p>La semana continuar\u00e1 <strong>este martes y mi\u00e9rcoles por la ma\u00f1ana con entrenamientos en el predio de Villa Dom\u00ednico, mientras que por la tarde viajar\u00e1 en vuelo charter hacia C\u00f3rdoba<\/strong> y se hospedar\u00e1 en el Hotel Howard Johnson de La Ca\u00f1ada a la espera del encuentro.<\/p>\n","protected":false},"excerpt":{"rendered":"<p>Independiente se entren\u00f3 este lunes pensando en lo que ser\u00e1 la vuelta al ruedo en la Liga Profesional, ante Instituto en C\u00f3rdoba. Los dirigidos por Julio Vaccari se hicieron presente en Villa Dom\u00ednico con la cabeza puesta en el partido del jueves. Realizaron trabajos de circulaci\u00f3n baja, asociaciones con finalizaci\u00f3n y pelotas detenidas. Lunes de [&hellip;]<\/p>\n","protected":false},"author":101039,"featured_media":119903,"comment_status":"open","ping_status":"closed","sticky":false,"template":"","format":"standard","meta":{"_links_to":"","_links_to_target":""},"categories":[3247,3],"tags":[5561,153,5545,2643,5633,4200,5162,172],"_links":{"self":[{"href":"https:\/\/www.locoxelrojo.com\/independiente\/wp-json\/wp\/v2\/posts\/119902"}],"collection":[{"href":"https:\/\/www.locoxelrojo.com\/independiente\/wp-json\/wp\/v2\/posts"}],"about":[{"href":"https:\/\/www.locoxelrojo.com\/independiente\/wp-json\/wp\/v2\/types\/post"}],"author":[{"embeddable":true,"href":"https:\/\/www.locoxelrojo.com\/independiente\/wp-json\/wp\/v2\/users\/101039"}],"replies":[{"embeddable":true,"href":"https:\/\/www.locoxelrojo.com\/independiente\/wp-json\/wp\/v2\/comments?post=119902"}],"version-history":[{"count":1,"href":"https:\/\/www.locoxelrojo.com\/independiente\/wp-json\/wp\/v2\/posts\/119902\/revisions"}],"predecessor-version":[{"id":119904,"href":"https:\/\/www.locoxelrojo.com\/independiente\/wp-json\/wp\/v2\/posts\/119902\/revisions\/119904"}],"wp:featuredmedia":[{"embeddable":true,"href":"https:\/\/www.locoxelrojo.com\/independiente\/wp-json\/wp\/v2\/media\/119903"}],"wp:attachment":[{"href":"https:\/\/www.locoxelrojo.com\/independiente\/wp-json\/wp\/v2\/media?parent=119902"}],"wp:term":[{"taxonomy":"category","embeddable":true,"href":"https:\/\/www.locoxelrojo.com\/independiente\/wp-json\/wp\/v2\/categories?post=119902"},{"taxonomy":"post_tag","embeddable":true,"href":"https:\/\/www.locoxelrojo.com\/independiente\/wp-json\/wp\/v2\/tags?post=119902"}],"curies":[{"name":"wp","href":"https:\/\/api.w.org\/{rel}","templated":true}]}}