{"id":119925,"date":"2024-07-17T19:24:59","date_gmt":"2024-07-17T22:24:59","guid":{"rendered":"https:\/\/www.locoxelrojo.com\/independiente\/?p=119925"},"modified":"2024-07-17T19:24:59","modified_gmt":"2024-07-17T22:24:59","slug":"concentrados-vs-instituto-la-primera-lista-de-vaccari","status":"publish","type":"post","link":"https:\/\/www.locoxelrojo.com\/independiente\/2024\/07\/17\/concentrados-vs-instituto-la-primera-lista-de-vaccari\/","title":{"rendered":"Concentrados vs. Instituto: la primera lista de Vaccari"},"content":{"rendered":"<p><strong>Julio Vaccari conform\u00f3 la lista de convocados para el encuentro de este jueves a las 21 frente a Instituto<\/strong>, por la fecha 6 de la Liga Profesional.<\/p>\n<p>Si bien el ciclo Vaccari comenz\u00f3 hace ya un par de semanas y con amistosos de por medio, <strong>esta es la primera convocatoria oficial<\/strong> del DT al mando del plantel profesional de Independiente.<\/p>\n<p>En la citaci\u00f3n hay una sorpresa, <strong>Juli\u00e1n Scafati<\/strong>: defensor central categor\u00eda 2006, de 1.86 metros de altura y diestro, <strong>siendo esta su primera convocatoria<\/strong>. Lo curioso es que el juvenil, con pasado en Inferiores de San Lorenzo y Newell&#8217;s, <strong>todav\u00eda no sum\u00f3 minutos en Reserva.<\/strong><\/p>\n<h2>Los concentrados:<\/h2>\n<p><strong>Arqueros:<\/strong> Diego Segovia y Rodrigo Rey.<\/p>\n<p><strong>Defensores:<\/strong> Joaqu\u00edn Laso, Adri\u00e1n Sp\u00f6rle, Julio Buffarini, Dami\u00e1n P\u00e9rez, Juan Manuel Fedorco, Santiago Salle, Jonathan De Irastorza y Juli\u00e1n Scafati.<\/p>\n<p><strong>Mediocampistas:<\/strong> Federico Mancuello, Lucas Gonz\u00e1lez, Alex Luna, David Mart\u00ednez, Iv\u00e1n Marcone, Diego Tarzia y Jhonny Qui\u00f1\u00f3nez.<\/p>\n<p><strong>Delanteros:<\/strong> Gabriel \u00c1valos, Santiago Hidalgo, Ignacio Maestro Puch, Rodrigo M\u00e1rquez, Javier Ru\u00edz, Santiago L\u00f3pez y Alexis Canelo.<\/p>\n","protected":false},"excerpt":{"rendered":"<p>Julio Vaccari conform\u00f3 la lista de convocados para el encuentro de este jueves a las 21 frente a Instituto, por la fecha 6 de la Liga Profesional. Si bien el ciclo Vaccari comenz\u00f3 hace ya un par de semanas y con amistosos de por medio, esta es la primera convocatoria oficial del DT al mando [&hellip;]<\/p>\n","protected":false},"author":101038,"featured_media":119758,"comment_status":"open","ping_status":"closed","sticky":false,"template":"","format":"standard","meta":{"_links_to":"","_links_to_target":""},"categories":[3247,3],"tags":[153,3086,2643,5667,5633,5629],"_links":{"self":[{"href":"https:\/\/www.locoxelrojo.com\/independiente\/wp-json\/wp\/v2\/posts\/119925"}],"collection":[{"href":"https:\/\/www.locoxelrojo.com\/independiente\/wp-json\/wp\/v2\/posts"}],"about":[{"href":"https:\/\/www.locoxelrojo.com\/independiente\/wp-json\/wp\/v2\/types\/post"}],"author":[{"embeddable":true,"href":"https:\/\/www.locoxelrojo.com\/independiente\/wp-json\/wp\/v2\/users\/101038"}],"replies":[{"embeddable":true,"href":"https:\/\/www.locoxelrojo.com\/independiente\/wp-json\/wp\/v2\/comments?post=119925"}],"version-history":[{"count":1,"href":"https:\/\/www.locoxelrojo.com\/independiente\/wp-json\/wp\/v2\/posts\/119925\/revisions"}],"predecessor-version":[{"id":119926,"href":"https:\/\/www.locoxelrojo.com\/independiente\/wp-json\/wp\/v2\/posts\/119925\/revisions\/119926"}],"wp:featuredmedia":[{"embeddable":true,"href":"https:\/\/www.locoxelrojo.com\/independiente\/wp-json\/wp\/v2\/media\/119758"}],"wp:attachment":[{"href":"https:\/\/www.locoxelrojo.com\/independiente\/wp-json\/wp\/v2\/media?parent=119925"}],"wp:term":[{"taxonomy":"category","embeddable":true,"href":"https:\/\/www.locoxelrojo.com\/independiente\/wp-json\/wp\/v2\/categories?post=119925"},{"taxonomy":"post_tag","embeddable":true,"href":"https:\/\/www.locoxelrojo.com\/independiente\/wp-json\/wp\/v2\/tags?post=119925"}],"curies":[{"name":"wp","href":"https:\/\/api.w.org\/{rel}","templated":true}]}}