{"id":120225,"date":"2024-08-03T22:37:42","date_gmt":"2024-08-04T01:37:42","guid":{"rendered":"https:\/\/www.locoxelrojo.com\/independiente\/?p=120225"},"modified":"2024-08-04T02:05:56","modified_gmt":"2024-08-04T05:05:56","slug":"rey-no-es-normal-que-estemos-hasta-el-ultimo-minuto-sin-saber-si-juega-uno-u-otro","status":"publish","type":"post","link":"https:\/\/www.locoxelrojo.com\/independiente\/2024\/08\/03\/rey-no-es-normal-que-estemos-hasta-el-ultimo-minuto-sin-saber-si-juega-uno-u-otro\/","title":{"rendered":"Rey: &#8220;No es normal que estemos hasta el \u00faltimo minuto sin saber si juega uno u otro&#8221;"},"content":{"rendered":"<p><strong>Rodrigo Rey<\/strong> habl\u00f3 luego del <a href=\"https:\/\/www.locoxelrojo.com\/independiente\/2024\/08\/03\/con-uno-menos-empato-con-san-lorenzo\/\">0-0 entre Independiente y San Lorenzo<\/a>. Tras analizar el encuentro, reflexion\u00f3 sobre lo que fueron las horas previas y la no habilitaci\u00f3n de los refuerzos.<\/p>\n<p><strong>&#8220;No es f\u00e1cil jugar con un hombre menos contra un rival que juega bien y tiene buenos jugadores. Lo que se valora es que el equipo no sufri\u00f3 tanto&#8221;<\/strong>, expres\u00f3. Y agreg\u00f3: <strong>&#8220;A nuestra manera, tuvimos dos chances claras de gol en el segundo tiempo&#8221;<\/strong>.<\/p>\n<p>Fue el cuarto partido desde que se retom\u00f3 la Liga Profesional, en el que Independiente no puede utilizar los jugadores que llegaron al club en este mercado de pases. Sobre este papel\u00f3n dirigencial, Rey, referente del plantel, manifest\u00f3 su queja: <strong>&#8220;Primero que hay que dar la cara con lo que sea, con los que haya y con los que est\u00e9n para jugar. hay que darlo todo para representar de buena forma a este club, que as\u00ed lo merece&#8221;<\/strong>.<\/p>\n<p><strong>&#8220;Si Dios quiere, la semana que viene, vamos a salir de estos idas y vueltas. No es normal que estemos hasta el \u00faltimo minuto sin saber si juega uno u otro. No es lo mejor, pero es lo que hay y tenemos que ponerle el pecho&#8221;<\/strong>, cerr\u00f3.<\/p>\n","protected":false},"excerpt":{"rendered":"<p>Rodrigo Rey habl\u00f3 luego del 0-0 entre Independiente y San Lorenzo. Tras analizar el encuentro, reflexion\u00f3 sobre lo que fueron las horas previas y la no habilitaci\u00f3n de los refuerzos. &#8220;No es f\u00e1cil jugar con un hombre menos contra un rival que juega bien y tiene buenos jugadores. Lo que se valora es que el [&hellip;]<\/p>\n","protected":false},"author":1,"featured_media":120226,"comment_status":"open","ping_status":"closed","sticky":false,"template":"","format":"standard","meta":{"_links_to":"","_links_to_target":""},"categories":[3247,3],"tags":[153,5629,5319,382],"_links":{"self":[{"href":"https:\/\/www.locoxelrojo.com\/independiente\/wp-json\/wp\/v2\/posts\/120225"}],"collection":[{"href":"https:\/\/www.locoxelrojo.com\/independiente\/wp-json\/wp\/v2\/posts"}],"about":[{"href":"https:\/\/www.locoxelrojo.com\/independiente\/wp-json\/wp\/v2\/types\/post"}],"author":[{"embeddable":true,"href":"https:\/\/www.locoxelrojo.com\/independiente\/wp-json\/wp\/v2\/users\/1"}],"replies":[{"embeddable":true,"href":"https:\/\/www.locoxelrojo.com\/independiente\/wp-json\/wp\/v2\/comments?post=120225"}],"version-history":[{"count":1,"href":"https:\/\/www.locoxelrojo.com\/independiente\/wp-json\/wp\/v2\/posts\/120225\/revisions"}],"predecessor-version":[{"id":120227,"href":"https:\/\/www.locoxelrojo.com\/independiente\/wp-json\/wp\/v2\/posts\/120225\/revisions\/120227"}],"wp:featuredmedia":[{"embeddable":true,"href":"https:\/\/www.locoxelrojo.com\/independiente\/wp-json\/wp\/v2\/media\/120226"}],"wp:attachment":[{"href":"https:\/\/www.locoxelrojo.com\/independiente\/wp-json\/wp\/v2\/media?parent=120225"}],"wp:term":[{"taxonomy":"category","embeddable":true,"href":"https:\/\/www.locoxelrojo.com\/independiente\/wp-json\/wp\/v2\/categories?post=120225"},{"taxonomy":"post_tag","embeddable":true,"href":"https:\/\/www.locoxelrojo.com\/independiente\/wp-json\/wp\/v2\/tags?post=120225"}],"curies":[{"name":"wp","href":"https:\/\/api.w.org\/{rel}","templated":true}]}}