{"id":120257,"date":"2024-08-06T17:49:56","date_gmt":"2024-08-06T20:49:56","guid":{"rendered":"https:\/\/www.locoxelrojo.com\/independiente\/?p=120257"},"modified":"2024-08-06T17:49:56","modified_gmt":"2024-08-06T20:49:56","slug":"zunino-el-arbitro-ante-estudiantes","status":"publish","type":"post","link":"https:\/\/www.locoxelrojo.com\/independiente\/2024\/08\/06\/zunino-el-arbitro-ante-estudiantes\/","title":{"rendered":"Zunino, el \u00e1rbitro ante Estudiantes"},"content":{"rendered":"<p><strong>Sebasti\u00e1n Zunino<\/strong> ser\u00e1 el encargado de impartir justicia en el pr\u00f3ximo partido de Independiente ante Estudiantes, el domingo a las 20 en La Plata.<\/p>\n<p>El juez de 36 a\u00f1os dirigi\u00f3 solamente en 2 ocasiones al Rojo: <strong>en el empate 0-0 ante V\u00e9lez en Liniers por la Copa de la Liga 2023 y en la derrota 1-0 ante Gimnasia La Plata en la Copa de la Liga 2024<\/strong>, en Avellaneda.<\/p>\n<p>En su \u00faltimo antecedente ante el Lobo, que signific\u00f3 la primera ca\u00edda de local del equipo desde la llegada de Carlos Tevez como entrenador, <strong>expuls\u00f3 a Javier Ru\u00edz por roja directa tras ir a revisar la jugada al VAR<\/strong>.<\/p>\n<p><iframe loading=\"lazy\" title=\"YouTube video player\" src=\"https:\/\/www.youtube.com\/embed\/pheunOi-KQI?si=roLL7UV_SMBPYTo-\" width=\"560\" height=\"315\" frameborder=\"0\" allowfullscreen=\"allowfullscreen\"><\/iframe><\/p>\n<p>Los asistentes para este fin de semana ser\u00e1n <strong>Lucas Germanotta<\/strong> y <strong>Juan Mamani<\/strong>, mientras que el cuarto \u00e1rbitro ser\u00e1 <strong>Dami\u00e1n Rubino<\/strong>. A su vez, en el VAR estar\u00e1 <strong>Dar\u00edo Herrera<\/strong> junto a <strong>Gerardo Lencina<\/strong> como AVAR.<\/p>\n","protected":false},"excerpt":{"rendered":"<p>Sebasti\u00e1n Zunino ser\u00e1 el encargado de impartir justicia en el pr\u00f3ximo partido de Independiente ante Estudiantes, el domingo a las 20 en La Plata. El juez de 36 a\u00f1os dirigi\u00f3 solamente en 2 ocasiones al Rojo: en el empate 0-0 ante V\u00e9lez en Liniers por la Copa de la Liga 2023 y en la derrota [&hellip;]<\/p>\n","protected":false},"author":101037,"featured_media":120258,"comment_status":"open","ping_status":"closed","sticky":false,"template":"","format":"standard","meta":{"_links_to":"","_links_to_target":""},"categories":[3280,3247],"tags":[153,4945,5629,5361],"_links":{"self":[{"href":"https:\/\/www.locoxelrojo.com\/independiente\/wp-json\/wp\/v2\/posts\/120257"}],"collection":[{"href":"https:\/\/www.locoxelrojo.com\/independiente\/wp-json\/wp\/v2\/posts"}],"about":[{"href":"https:\/\/www.locoxelrojo.com\/independiente\/wp-json\/wp\/v2\/types\/post"}],"author":[{"embeddable":true,"href":"https:\/\/www.locoxelrojo.com\/independiente\/wp-json\/wp\/v2\/users\/101037"}],"replies":[{"embeddable":true,"href":"https:\/\/www.locoxelrojo.com\/independiente\/wp-json\/wp\/v2\/comments?post=120257"}],"version-history":[{"count":1,"href":"https:\/\/www.locoxelrojo.com\/independiente\/wp-json\/wp\/v2\/posts\/120257\/revisions"}],"predecessor-version":[{"id":120259,"href":"https:\/\/www.locoxelrojo.com\/independiente\/wp-json\/wp\/v2\/posts\/120257\/revisions\/120259"}],"wp:featuredmedia":[{"embeddable":true,"href":"https:\/\/www.locoxelrojo.com\/independiente\/wp-json\/wp\/v2\/media\/120258"}],"wp:attachment":[{"href":"https:\/\/www.locoxelrojo.com\/independiente\/wp-json\/wp\/v2\/media?parent=120257"}],"wp:term":[{"taxonomy":"category","embeddable":true,"href":"https:\/\/www.locoxelrojo.com\/independiente\/wp-json\/wp\/v2\/categories?post=120257"},{"taxonomy":"post_tag","embeddable":true,"href":"https:\/\/www.locoxelrojo.com\/independiente\/wp-json\/wp\/v2\/tags?post=120257"}],"curies":[{"name":"wp","href":"https:\/\/api.w.org\/{rel}","templated":true}]}}