{"id":120263,"date":"2024-08-07T14:19:27","date_gmt":"2024-08-07T17:19:27","guid":{"rendered":"https:\/\/www.locoxelrojo.com\/independiente\/?p=120263"},"modified":"2024-08-07T14:19:27","modified_gmt":"2024-08-07T17:19:27","slug":"una-tribuna-del-estadio-sufrio-un-desplazamiento-el-comunicado-oficial","status":"publish","type":"post","link":"https:\/\/www.locoxelrojo.com\/independiente\/2024\/08\/07\/una-tribuna-del-estadio-sufrio-un-desplazamiento-el-comunicado-oficial\/","title":{"rendered":"Una tribuna del estadio sufri\u00f3 un desplazamiento: el comunicado oficial"},"content":{"rendered":"<p>Una tribuna del estadio Libertadores de Am\u00e9rica \u2013 Ricardo Enrique Bochini sufri\u00f3 un desplazamiento. Por este motivo, <strong>desde Independiente explicaron lo que pas\u00f3<\/strong>.<\/p>\n<p>V\u00e9lez y San Lorenzo jugaron este martes por los 8vos de final de la Copa Argentina. Al t\u00e9rmino del partido, el cu\u00e1l gan\u00f3 el equipo de Liniers, <strong>comenz\u00f3 viralizarse una imagen de la Tribuna Pavoni Baja donde se ve el desplazamiento y desnivel de los escalones de un sector de la popular.<\/strong><\/p>\n<p><a href=\"https:\/\/locoxelrojo.com\/independiente\/wp-content\/uploads\/2024\/08\/desplazamiento-tribuna-pavoni-baja.jpeg\"><img loading=\"lazy\" class=\"aligncenter size-large wp-image-120264\" src=\"https:\/\/locoxelrojo.com\/independiente\/wp-content\/uploads\/2024\/08\/desplazamiento-tribuna-pavoni-baja-768x1024.jpeg\" alt=\"\" width=\"696\" height=\"928\" srcset=\"https:\/\/locoxelrojo.com\/independiente\/wp-content\/uploads\/2024\/08\/desplazamiento-tribuna-pavoni-baja-768x1024.jpeg 768w, https:\/\/locoxelrojo.com\/independiente\/wp-content\/uploads\/2024\/08\/desplazamiento-tribuna-pavoni-baja-225x300.jpeg 225w, https:\/\/locoxelrojo.com\/independiente\/wp-content\/uploads\/2024\/08\/desplazamiento-tribuna-pavoni-baja-1152x1536.jpeg 1152w, https:\/\/locoxelrojo.com\/independiente\/wp-content\/uploads\/2024\/08\/desplazamiento-tribuna-pavoni-baja-696x928.jpeg 696w, https:\/\/locoxelrojo.com\/independiente\/wp-content\/uploads\/2024\/08\/desplazamiento-tribuna-pavoni-baja-1068x1424.jpeg 1068w, https:\/\/locoxelrojo.com\/independiente\/wp-content\/uploads\/2024\/08\/desplazamiento-tribuna-pavoni-baja-315x420.jpeg 315w, https:\/\/locoxelrojo.com\/independiente\/wp-content\/uploads\/2024\/08\/desplazamiento-tribuna-pavoni-baja.jpeg 1200w\" sizes=\"(max-width: 696px) 100vw, 696px\" \/><\/a><\/p>\n<p>Esto no solo despert\u00f3 la preocupaci\u00f3n de los hinchas, socios y socias de Independiente, tambi\u00e9n de los medios de comunicaci\u00f3n que se hicieron eco r\u00e1pidamente de la noticia.<\/p>\n<p>Por eso, <strong>desde el club pusieron manos a la obra para solucionar el problema y largaron un comunicado llevando un poco m\u00e1s de tranquilidad<\/strong>:<\/p>\n<p><em>Ante esta situaci\u00f3n, queremos informar a las socias y socios lo siguiente:<\/em><\/p>\n<p><em>Ambas cabeceras bajas del estadio est\u00e1n construidas con bloques premoldeados que tienen movimiento y oscilaci\u00f3n. Dichos bloques tienen topes que frenan esos movimientos. En este caso, el desplazamiento se produjo porque se soltaron las soldaduras correspondientes, pero en ning\u00fan momento, hubo riesgo de derrumbe ni la tribuna est\u00e1 partida.<\/em><\/p>\n<p><em>Adem\u00e1s, aclaramos, que desde la primera hora del d\u00eda de hoy se est\u00e1 trabajando en el lugar para volver a colocar el bloque en su lugar, resoldar y abulonar nuevamente todos los bloques de dicha tribuna, como as\u00ed tambi\u00e9n, se realizar\u00e1 la inspecci\u00f3n y llegado el caso la correcci\u00f3n o mantenimiento al resto de los bloques de las mencionadas cabeceras. Estos trabajos finalizar\u00e1n en el transcurso de esta semana para que los encuentros que se vayan a disputar en nuestro Estadio se realicen con total normalidad.<\/em><\/p>\n<p><em>A su vez queremos informar que estamos llevando a cabo distintas tareas de mantenimiento correctivo, recambio de butacas, iluminaci\u00f3n, trabajos de pintura entre otros trabajos.<\/em><\/p>\n<p><em>Cuando asumimos nos encontramos con un Estadio totalmente abandonado, y m\u00e1s all\u00e1 de que afrontamos la mayor crisis econ\u00f3mica y financiera de la historia de nuestro Club, nos propusimos ponerlo en valor.<\/em><\/p>\n<p><em>Somos conscientes que todav\u00eda falta mucho por hacer y vamos a trabajar para tener un estadio a la altura del Rey de Copas.<\/em><\/p>\n","protected":false},"excerpt":{"rendered":"<p>Una tribuna del estadio Libertadores de Am\u00e9rica \u2013 Ricardo Enrique Bochini sufri\u00f3 un desplazamiento. Por este motivo, desde Independiente explicaron lo que pas\u00f3. V\u00e9lez y San Lorenzo jugaron este martes por los 8vos de final de la Copa Argentina. Al t\u00e9rmino del partido, el cu\u00e1l gan\u00f3 el equipo de Liniers, comenz\u00f3 viralizarse una imagen de [&hellip;]<\/p>\n","protected":false},"author":1,"featured_media":115783,"comment_status":"open","ping_status":"closed","sticky":false,"template":"","format":"standard","meta":{"_links_to":"","_links_to_target":""},"categories":[3247,4],"tags":[153,5090,5678],"_links":{"self":[{"href":"https:\/\/www.locoxelrojo.com\/independiente\/wp-json\/wp\/v2\/posts\/120263"}],"collection":[{"href":"https:\/\/www.locoxelrojo.com\/independiente\/wp-json\/wp\/v2\/posts"}],"about":[{"href":"https:\/\/www.locoxelrojo.com\/independiente\/wp-json\/wp\/v2\/types\/post"}],"author":[{"embeddable":true,"href":"https:\/\/www.locoxelrojo.com\/independiente\/wp-json\/wp\/v2\/users\/1"}],"replies":[{"embeddable":true,"href":"https:\/\/www.locoxelrojo.com\/independiente\/wp-json\/wp\/v2\/comments?post=120263"}],"version-history":[{"count":1,"href":"https:\/\/www.locoxelrojo.com\/independiente\/wp-json\/wp\/v2\/posts\/120263\/revisions"}],"predecessor-version":[{"id":120265,"href":"https:\/\/www.locoxelrojo.com\/independiente\/wp-json\/wp\/v2\/posts\/120263\/revisions\/120265"}],"wp:featuredmedia":[{"embeddable":true,"href":"https:\/\/www.locoxelrojo.com\/independiente\/wp-json\/wp\/v2\/media\/115783"}],"wp:attachment":[{"href":"https:\/\/www.locoxelrojo.com\/independiente\/wp-json\/wp\/v2\/media?parent=120263"}],"wp:term":[{"taxonomy":"category","embeddable":true,"href":"https:\/\/www.locoxelrojo.com\/independiente\/wp-json\/wp\/v2\/categories?post=120263"},{"taxonomy":"post_tag","embeddable":true,"href":"https:\/\/www.locoxelrojo.com\/independiente\/wp-json\/wp\/v2\/tags?post=120263"}],"curies":[{"name":"wp","href":"https:\/\/api.w.org\/{rel}","templated":true}]}}