{"id":12036,"date":"2011-10-17T10:21:39","date_gmt":"2011-10-17T13:21:39","guid":{"rendered":"http:\/\/www.locoxelrojo.com.ar\/independiente\/?p=12036"},"modified":"2011-10-17T14:35:13","modified_gmt":"2011-10-17T17:35:13","slug":"las-dos-campanas","status":"publish","type":"post","link":"https:\/\/www.locoxelrojo.com\/independiente\/2011\/10\/17\/las-dos-campanas\/","title":{"rendered":"Las dos campanas"},"content":{"rendered":"<p><a href=\"http:\/\/www.locoxelrojo.com.ar\/independiente\/wp-content\/uploads\/2011\/10\/barrueco_keblaitis.gif\"><img loading=\"lazy\" class=\"alignnone size-full wp-image-12037\" title=\"barrueco_keblaitis\" src=\"http:\/\/www.locoxelrojo.com.ar\/independiente\/wp-content\/uploads\/2011\/10\/barrueco_keblaitis.gif\" alt=\"\" width=\"590\" height=\"315\" srcset=\"https:\/\/locoxelrojo.com\/independiente\/wp-content\/uploads\/2011\/10\/barrueco_keblaitis.gif 590w, https:\/\/locoxelrojo.com\/independiente\/wp-content\/uploads\/2011\/10\/barrueco_keblaitis-300x160.gif 300w\" sizes=\"(max-width: 590px) 100vw, 590px\" \/><\/a><\/p>\n<p><strong>Hugo Barrueco, vicepresidente segundo del Club Atl\u00e9tico Independiente neg\u00f3 la acusaci\u00f3n de Claudo Klebaitis de Independiente M\u00edstico.<\/strong> Este \u00faltimo, por su parte, ratific\u00f3 sus dichos. El dirigente oficialista destac\u00f3 que dialog\u00f3 con un chico que no reconoci\u00f3 en el ingreso al estacionamiento techado de Alsina pero neg\u00f3 rotundamente haber ligado a Julio Comparada con la barra.<\/p>\n<p><strong>&#8220;Empez\u00f3 a decirme que la barra le pegaba a la gente, le dije que haga la denuncia y lo acompa\u00f1aba si quer\u00eda&#8221;<\/strong>, asegur\u00f3 Barrueco quien luego agreg\u00f3, <strong>&#8220;Me agarr\u00f3 bronca al ver la tapa, es un hecho pol\u00edtico muy bajo porque solo mantuve ese di\u00e1logo&#8221;.<\/strong><\/p>\n<p>Barrueco explic\u00f3 que le ped\u00edan repartir folletos sin problemas cuando en realidad el estaba tomando uno de esos con total normalidad. &#8220;<strong>Yo no vi ning\u00fan l\u00edo y si hubo denuncia lo desconozco, entr\u00e9 al garage y me fui al estadio como siempre. Ponen cosas en mi boca que no dije y me re calent\u00e9; no s\u00e9 qui\u00e9n es y no me gustar\u00eda darle tinte.<\/strong><strong> No voy a entrar en pol\u00e9mica con algo que yo no dije<\/strong>.<strong>&#8220;<\/strong>, declar\u00f3 a Independiente de Am\u00e9rica -domingos de 22 a 24 por Radio el Mundo-.<\/p>\n<p>Luego, lleg\u00f3 el turno de el dirigente de Independiente M\u00edstico.<strong> &#8220;Barrueco me conoce, yo me present\u00e9  de vice a vice y le ped\u00ed que por favor saque a la barrabrava. Personalmente le supliqu\u00e9 -a Barrueco- que pare esto&#8221;<\/strong>, cont\u00f3 Klebaitis. Y luego, ironiz\u00f3: <strong>&#8220;Javier Cantero le dio mi tel\u00e9fono a Barrueco, que lea los 3 libros para revisar la historia en los buenos momentos&#8221;.<\/strong><\/p>\n","protected":false},"excerpt":{"rendered":"<p>Hugo Barrueco, vicepresidente segundo del Club Atl\u00e9tico Independiente neg\u00f3 la acusaci\u00f3n de Claudo Klebaitis de Independiente M\u00edstico. Este \u00faltimo, por su parte, ratific\u00f3 sus dichos. El dirigente oficialista destac\u00f3 que dialog\u00f3 con un chico que no reconoci\u00f3 en el ingreso al estacionamiento techado de Alsina pero neg\u00f3 rotundamente haber ligado a Julio Comparada con la [&hellip;]<\/p>\n","protected":false},"author":1,"featured_media":0,"comment_status":"open","ping_status":"open","sticky":false,"template":"","format":"standard","meta":{"_links_to":"","_links_to_target":""},"categories":[3,1],"tags":[1081,153,67,761,250],"_links":{"self":[{"href":"https:\/\/www.locoxelrojo.com\/independiente\/wp-json\/wp\/v2\/posts\/12036"}],"collection":[{"href":"https:\/\/www.locoxelrojo.com\/independiente\/wp-json\/wp\/v2\/posts"}],"about":[{"href":"https:\/\/www.locoxelrojo.com\/independiente\/wp-json\/wp\/v2\/types\/post"}],"author":[{"embeddable":true,"href":"https:\/\/www.locoxelrojo.com\/independiente\/wp-json\/wp\/v2\/users\/1"}],"replies":[{"embeddable":true,"href":"https:\/\/www.locoxelrojo.com\/independiente\/wp-json\/wp\/v2\/comments?post=12036"}],"version-history":[{"count":0,"href":"https:\/\/www.locoxelrojo.com\/independiente\/wp-json\/wp\/v2\/posts\/12036\/revisions"}],"wp:attachment":[{"href":"https:\/\/www.locoxelrojo.com\/independiente\/wp-json\/wp\/v2\/media?parent=12036"}],"wp:term":[{"taxonomy":"category","embeddable":true,"href":"https:\/\/www.locoxelrojo.com\/independiente\/wp-json\/wp\/v2\/categories?post=12036"},{"taxonomy":"post_tag","embeddable":true,"href":"https:\/\/www.locoxelrojo.com\/independiente\/wp-json\/wp\/v2\/tags?post=12036"}],"curies":[{"name":"wp","href":"https:\/\/api.w.org\/{rel}","templated":true}]}}