{"id":120557,"date":"2024-08-23T14:47:20","date_gmt":"2024-08-23T17:47:20","guid":{"rendered":"https:\/\/www.locoxelrojo.com\/independiente\/?p=120557"},"modified":"2024-08-23T14:47:20","modified_gmt":"2024-08-23T17:47:20","slug":"la-opinion-de-grindetti-sobre-banderas-y-cantos-en-su-contra","status":"publish","type":"post","link":"https:\/\/www.locoxelrojo.com\/independiente\/2024\/08\/23\/la-opinion-de-grindetti-sobre-banderas-y-cantos-en-su-contra\/","title":{"rendered":"La opini\u00f3n de Grindetti sobre banderas y cantos en su contra"},"content":{"rendered":"<p><strong>N\u00e9stor Grindetti es uno de los dirigentes m\u00e1s apuntados por los hinchas de Independiente<\/strong> debido al delicado presente futbol\u00edstico e institucional del club. El presidente se refiri\u00f3 a c\u00f3mo se siente por estas agresiones.<\/p>\n<p>Desde hace varias partidos es habitual ver en la previa y dentro del estadio pasacalle o banderas contra varios integrantes de la Comisi\u00f3n Directiva. Grindetti no se salva de las cr\u00edticas y adem\u00e1s de eso, uno de los gritos de guerra que suena desde los 4 costados del Libertadores de Am\u00e9rica &#8211; Ricardo Enrique Bochini es <strong>&#8220;Grindetti, hijo de puta&#8230;&#8221;<\/strong>.<\/p>\n<p>En la victoria con Rosario Central hubo problemas en la platea Bochini Alta con dos banderas que el personal de seguridad intent\u00f3 quitar, donde una de ellas dec\u00eda: <strong>&#8220;Club tomado, Grindetti viejo meado&#8221;<\/strong>.<\/p>\n<blockquote class=\"twitter-tweet\">\n<p dir=\"ltr\" lang=\"es\"> Las BANDERAS que aparecieron esta tarde en la cancha de Independiente:<\/p>\n<p> \u201cCLUB TOMADO. GRINDETTI VIEJO MEADO\u201d.<\/p>\n<p> \u201cEL ROJO NO SE VENDE\u201d. <a href=\"https:\/\/t.co\/iRWDyNTtE8\">pic.twitter.com\/iRWDyNTtE8<\/a><\/p>\n<p>\u2014 dataref (@dataref_ar) <a href=\"https:\/\/twitter.com\/dataref_ar\/status\/1824948258352836872?ref_src=twsrc%5Etfw\">August 17, 2024<\/a><\/p><\/blockquote>\n<p><script async src=\"https:\/\/platform.twitter.com\/widgets.js\" charset=\"utf-8\"><\/script><\/p>\n<p><strong>&#8220;No me causa gracia que haya un cartel que diga \u2018Grindetti viejo meado\u2019, ni que se acuerden de mi vieja todos los d\u00edas&#8221;<\/strong>, expres\u00f3 en di\u00e1logo con DSports Radio. Y cerr\u00f3: <strong>&#8220;Entiendo a la gente como hincha, entiendo que quieren salir campe\u00f3n, queremos dejar a Independiente en lo m\u00e1s alto y para eso tenemos que laburar&#8221;<\/strong>.<\/p>\n","protected":false},"excerpt":{"rendered":"<p>N\u00e9stor Grindetti es uno de los dirigentes m\u00e1s apuntados por los hinchas de Independiente debido al delicado presente futbol\u00edstico e institucional del club. El presidente se refiri\u00f3 a c\u00f3mo se siente por estas agresiones. Desde hace varias partidos es habitual ver en la previa y dentro del estadio pasacalle o banderas contra varios integrantes de [&hellip;]<\/p>\n","protected":false},"author":1,"featured_media":109416,"comment_status":"open","ping_status":"closed","sticky":false,"template":"","format":"standard","meta":{"_links_to":"","_links_to_target":""},"categories":[3280,3247],"tags":[153,1455],"_links":{"self":[{"href":"https:\/\/www.locoxelrojo.com\/independiente\/wp-json\/wp\/v2\/posts\/120557"}],"collection":[{"href":"https:\/\/www.locoxelrojo.com\/independiente\/wp-json\/wp\/v2\/posts"}],"about":[{"href":"https:\/\/www.locoxelrojo.com\/independiente\/wp-json\/wp\/v2\/types\/post"}],"author":[{"embeddable":true,"href":"https:\/\/www.locoxelrojo.com\/independiente\/wp-json\/wp\/v2\/users\/1"}],"replies":[{"embeddable":true,"href":"https:\/\/www.locoxelrojo.com\/independiente\/wp-json\/wp\/v2\/comments?post=120557"}],"version-history":[{"count":1,"href":"https:\/\/www.locoxelrojo.com\/independiente\/wp-json\/wp\/v2\/posts\/120557\/revisions"}],"predecessor-version":[{"id":120558,"href":"https:\/\/www.locoxelrojo.com\/independiente\/wp-json\/wp\/v2\/posts\/120557\/revisions\/120558"}],"wp:featuredmedia":[{"embeddable":true,"href":"https:\/\/www.locoxelrojo.com\/independiente\/wp-json\/wp\/v2\/media\/109416"}],"wp:attachment":[{"href":"https:\/\/www.locoxelrojo.com\/independiente\/wp-json\/wp\/v2\/media?parent=120557"}],"wp:term":[{"taxonomy":"category","embeddable":true,"href":"https:\/\/www.locoxelrojo.com\/independiente\/wp-json\/wp\/v2\/categories?post=120557"},{"taxonomy":"post_tag","embeddable":true,"href":"https:\/\/www.locoxelrojo.com\/independiente\/wp-json\/wp\/v2\/tags?post=120557"}],"curies":[{"name":"wp","href":"https:\/\/api.w.org\/{rel}","templated":true}]}}