{"id":12059,"date":"2011-10-18T05:27:11","date_gmt":"2011-10-18T08:27:11","guid":{"rendered":"http:\/\/www.locoxelrojo.com.ar\/independiente\/?p=12059"},"modified":"2011-10-18T07:04:14","modified_gmt":"2011-10-18T10:04:14","slug":"keblaitis-no-vamos-a-exponer-a-los-chicos-si-no-hay-garantias-de-seguridad","status":"publish","type":"post","link":"https:\/\/www.locoxelrojo.com\/independiente\/2011\/10\/18\/keblaitis-no-vamos-a-exponer-a-los-chicos-si-no-hay-garantias-de-seguridad\/","title":{"rendered":"Keblaitis: \u201cNo vamos a exponer a los chicos si no hay garant\u00edas de seguridad\u201d"},"content":{"rendered":"<p><a href=\"http:\/\/www.locoxelrojo.com.ar\/independiente\/wp-content\/uploads\/2011\/10\/keblaitis.jpg\"><img loading=\"lazy\" class=\"alignnone size-full wp-image-12060\" title=\"keblaitis\" src=\"http:\/\/www.locoxelrojo.com.ar\/independiente\/wp-content\/uploads\/2011\/10\/keblaitis.jpg\" alt=\"\" width=\"590\" height=\"315\" srcset=\"https:\/\/locoxelrojo.com\/independiente\/wp-content\/uploads\/2011\/10\/keblaitis.jpg 590w, https:\/\/locoxelrojo.com\/independiente\/wp-content\/uploads\/2011\/10\/keblaitis-300x160.jpg 300w\" sizes=\"(max-width: 590px) 100vw, 590px\" \/><\/a><\/p>\n<p>El Vicepresidente de la Agrupaci\u00f3n Independiente M\u00edstico Claudio Keblaitis pas\u00f3 por <strong>LocoxElRojo Radio<\/strong> y cont\u00f3 las agresiones que sufrieron mientras repart\u00edan volantes en la previa del partido frente a Godoy Cruz por parte de La Barra del Rojo.<\/p>\n<p><strong>&#8220;Ve\u00edamos por Alsina que los chicos de la barra ten\u00edan m\u00e1s volantes en las manos que los chicos de IM que los repart\u00edan&#8221;<\/strong>, comenz\u00f3 el relato Keblaitis, <strong>&#8220;esto me llam\u00f3 la atenci\u00f3n y decid\u00ed sacar unas fotos. Luego, estos muchachos empezaron a amenazarnos verbalmente y a empujarnos&#8221;<\/strong>, cont\u00f3. <strong>&#8220;Nos dec\u00edan que nos iban a cortar el cuello y que no sab\u00edamos con qui\u00e9nes nos est\u00e1bamos metiendo, entre otras cosas&#8221;<\/strong>, describi\u00f3.<\/p>\n<p><strong>&#8220;Cuando uno de nuestros compa\u00f1eros lo cruzo a Hugo Barrueco en ese mismo momento, \u00e9l s\u00f3lo nos dijo que le avisemos a la polic\u00eda. Que el no ten\u00eda nada que ver con la barra, que eso lo hablemos con Julio (Comparada)&#8221;<\/strong>, dijo el escritor, quien adem\u00e1s manifest\u00f3 que llamo por telefono al Vicepresidente de Independiente y que no quiso participar de un debate p\u00fablico en el programa <strong>&#8220;Independiente de Am\u00e9rica&#8221;<\/strong>.<\/p>\n<p>Tambi\u00e9n cont\u00f3 lo que le toc\u00f3 vivir a Lucila Rossi, otra integrante de <strong>Independiente M\u00edstico<\/strong>. <strong>&#8220;Luego apareci\u00f3 una compa\u00f1era nuestra, Lucila Rossi, que vino llorando, con la rodilla lastimada diciendo que la hab\u00edan agredido&#8221;<\/strong>. Ante cada agresi\u00f3n o insulto agreg\u00f3 que ven\u00eda acompa\u00f1ado de un <strong>&#8220;`Aguante Comparada` y `No saben lo que les espera`&#8221;<\/strong>. Pero aclar\u00f3 que nunca aparecieron los barras que forman la primera l\u00ednea, siempre algunos chicos e hinchas caracterizados de menor rango.<\/p>\n<p><strong>&#8220;Estamos dispuestos a enfrentar esto y mucho m\u00e1s. Ya pedimos una reuni\u00f3n con Julio Comparada&#8221;<\/strong>, manifest\u00f3 Keblaitis, pero no descartan comenzar a tomar algunas medidas para no sufrir este tipo de amenazas. <strong>&#8220;Si el club nos da las garant\u00edas de que podemos seguir haciendo la campa\u00f1a como lo ven\u00edamos haciendo, lo haremos. Pero no vamos a exponer a los chicos si no hay garant\u00edas de seguridad&#8221;<\/strong>.<\/p>\n<p><strong>Escuch\u00e1 el audio completo:<\/strong><\/p>\n<p><object id=\"divplaylist\" classid=\"clsid:d27cdb6e-ae6d-11cf-96b8-444553540000\" width=\"335\" height=\"28\" codebase=\"http:\/\/download.macromedia.com\/pub\/shockwave\/cabs\/flash\/swflash.cab#version=6,0,40,0\"><param name=\"src\" value=\"http:\/\/www.divshare.com\/flash\/playlist?myId=15971621-812\" \/><param name=\"name\" value=\"divplaylist\" \/><embed id=\"divplaylist\" type=\"application\/x-shockwave-flash\" width=\"335\" height=\"28\" src=\"http:\/\/www.divshare.com\/flash\/playlist?myId=15971621-812\" name=\"divplaylist\"><\/embed><\/object><\/p>\n","protected":false},"excerpt":{"rendered":"<p>El Vicepresidente de la Agrupaci\u00f3n Independiente M\u00edstico Claudio Keblaitis pas\u00f3 por LocoxElRojo Radio y cont\u00f3 las agresiones que sufrieron mientras repart\u00edan volantes en la previa del partido frente a Godoy Cruz por parte de La Barra del Rojo. &#8220;Ve\u00edamos por Alsina que los chicos de la barra ten\u00edan m\u00e1s volantes en las manos que los [&hellip;]<\/p>\n","protected":false},"author":1,"featured_media":0,"comment_status":"open","ping_status":"open","sticky":false,"template":"","format":"standard","meta":{"_links_to":"","_links_to_target":""},"categories":[17,1],"tags":[1081,153,67,761,196,316,3268],"_links":{"self":[{"href":"https:\/\/www.locoxelrojo.com\/independiente\/wp-json\/wp\/v2\/posts\/12059"}],"collection":[{"href":"https:\/\/www.locoxelrojo.com\/independiente\/wp-json\/wp\/v2\/posts"}],"about":[{"href":"https:\/\/www.locoxelrojo.com\/independiente\/wp-json\/wp\/v2\/types\/post"}],"author":[{"embeddable":true,"href":"https:\/\/www.locoxelrojo.com\/independiente\/wp-json\/wp\/v2\/users\/1"}],"replies":[{"embeddable":true,"href":"https:\/\/www.locoxelrojo.com\/independiente\/wp-json\/wp\/v2\/comments?post=12059"}],"version-history":[{"count":0,"href":"https:\/\/www.locoxelrojo.com\/independiente\/wp-json\/wp\/v2\/posts\/12059\/revisions"}],"wp:attachment":[{"href":"https:\/\/www.locoxelrojo.com\/independiente\/wp-json\/wp\/v2\/media?parent=12059"}],"wp:term":[{"taxonomy":"category","embeddable":true,"href":"https:\/\/www.locoxelrojo.com\/independiente\/wp-json\/wp\/v2\/categories?post=12059"},{"taxonomy":"post_tag","embeddable":true,"href":"https:\/\/www.locoxelrojo.com\/independiente\/wp-json\/wp\/v2\/tags?post=12059"}],"curies":[{"name":"wp","href":"https:\/\/api.w.org\/{rel}","templated":true}]}}