{"id":120614,"date":"2024-08-25T23:00:19","date_gmt":"2024-08-26T02:00:19","guid":{"rendered":"https:\/\/www.locoxelrojo.com\/independiente\/?p=120614"},"modified":"2024-08-26T00:16:32","modified_gmt":"2024-08-26T03:16:32","slug":"puntajes-rojos-vs-racing-24","status":"publish","type":"post","link":"https:\/\/www.locoxelrojo.com\/independiente\/2024\/08\/25\/puntajes-rojos-vs-racing-24\/","title":{"rendered":"Puntajes Rojos vs. Racing"},"content":{"rendered":"<p><a href=\"https:\/\/www.locoxelrojo.com\/independiente\/2024\/08\/25\/con-menos-jugadores-se-llevo-un-empate\/\">Independiente y Racing empataron 0-0 en la fecha 12 de la Liga Profesional.<\/a> El Rojo termin\u00f3 con dos menos, por las expulsiones de Dami\u00e1n P\u00e9rez y Federico Vera. <strong>El uno por uno del empate en el Cilindro.<\/strong><\/p>\n<p><strong>Rodrigo Rey (7.5): mantuvo el arco en cero, control\u00f3 bien las veces que Racing lo busc\u00f3 y fue de los pocos que se aviv\u00f3 del fuera de juego en el gol que termin\u00f3 anulando el VAR.<\/strong><\/p>\n<p>Federico Vera (4): no fue un buen partido del lateral. Johan Carbonero lo complic\u00f3 casi toda la tarde, Racing aprovech\u00f3 mucho sus espaldas, qued\u00f3 condicionado por una amarilla y termin\u00f3 viendo la roja por un patad\u00f3n.<\/p>\n<p>Kevin Lom\u00f3naco (6): jug\u00f3 un tiempo por un fuerte choque de cabezas con Iv\u00e1n Marcone. A pesar de eso, sac\u00f3 casi todo lo que cay\u00f3 en el \u00e1rea. Se lo notaba inc\u00f3modo, algo dolorido. Sali\u00f3 en el entretiempo.<\/p>\n<p>Joaqu\u00edn Laso (7): muy buen partido para el defensor. Jug\u00f3 con los dientes apretados, firme en la marca y se pele\u00f3 con casi todos los rivales. Se pierde el pr\u00f3ximo con River por llegar a las cinco amarillas.<\/p>\n<p>Dami\u00e1n P\u00e9rez (5): media hora en cancha, pag\u00f3 con la roja un error de David Mart\u00ednez. El jugador de Racing forz\u00f3 su expulsi\u00f3n. Ven\u00eda teniendo un partido regular.<\/p>\n<p>Felipe Loyola (6): fue de menor a mayor. Termin\u00f3 fundido, por un desgaste muy grande. Hoy le toc\u00f3 morder m\u00e1s que jugar.<\/p>\n<p>Iv\u00e1n Marcone (5): fue el que qued\u00f3 m\u00e1s afectado por el choque de cabeza con Lom\u00f3naco. Se lo vio algo perdido, mareado y en varias oportunidades qued\u00f3 mal parado, sin querer cabecear porque la herida no paraba de sangrar. Dej\u00f3 la cancha en el entretiempo.<\/p>\n<p>David Mart\u00ednez (4): error grave en la jugada que termin\u00f3 con la roja a P\u00e9rez. Le cost\u00f3 el partido, mucho m\u00e1s en la primera parte. En el complemento, se acomod\u00f3 un poco mejor, pero lejos del nivel que ven\u00eda mostrando.<\/p>\n<p>Alex Luna (4.5): no estaba preciso, se hab\u00eda ganado una amarilla y fue el que pag\u00f3 para acomodar la defensa por la roja de P\u00e9rez. Estuvo en cancha media hora.<\/p>\n<p>Gabriel \u00c1valos (4.5): sufri\u00f3 por todo lo que le pas\u00f3 a Independiente en el partido. A\u00fan as\u00ed, aguant\u00f3 alguna que otra pelota y logr\u00f3 interceptar alguna salida del rival.<\/p>\n<p>Diego Tarzia (6): se adapt\u00f3 a todos los cambios de posici\u00f3n que tuvo en el partido. Tambi\u00e9n realiz\u00f3 un desgaste enorme y tuvo la situaci\u00f3n m\u00e1s clara, la pelota pas\u00f3 al lado del palo.<\/p>\n<h2>INGRESARON<\/h2>\n<p>Marco Pellegrino (5): debut complicado, con uno menos y armar la l\u00ednea de cinco en el fondo. Cumpli\u00f3, pero se lo vio algo lento.<\/p>\n<p>Adri\u00e1n Sp\u00f6rle (6): se ubic\u00f3 en el carril izquierdo y solucion\u00f3 algunos problemas que ten\u00eda en esa zona. Jugad\u00f3n, con lujo incluido, Tarzia defini\u00f3 bien la pelota se fue cerca del palo.<\/p>\n<p>Juan Manuel Fedorco (6): firme durante todo el segundo tiempo. Sac\u00f3 varias, tambi\u00e9n se meti\u00f3 en el roce con varios rivales.<\/p>\n<p>Santiago Montiel (-): se recost\u00f3 por la izquierda, para cambiar un poco el aire. Particip\u00f3 poco y se lo vio m\u00e1s preocupado por controlar a Quinteros que por jugar.<\/p>\n<p>Ignacio Maestro Puch (-): \u00c1valos termin\u00f3 muy cansado y salt\u00f3 a la cancha por \u00e9l. Fue el primer defensor para aguantar las veces que Racing atac\u00f3.<\/p>\n","protected":false},"excerpt":{"rendered":"<p>Independiente y Racing empataron 0-0 en la fecha 12 de la Liga Profesional. El Rojo termin\u00f3 con dos menos, por las expulsiones de Dami\u00e1n P\u00e9rez y Federico Vera. El uno por uno del empate en el Cilindro. Rodrigo Rey (7.5): mantuvo el arco en cero, control\u00f3 bien las veces que Racing lo busc\u00f3 y fue [&hellip;]<\/p>\n","protected":false},"author":1,"featured_media":120620,"comment_status":"open","ping_status":"closed","sticky":false,"template":"","format":"standard","meta":{"_links_to":"","_links_to_target":""},"categories":[11,3247],"tags":[153,5629,3144,1994,5319],"_links":{"self":[{"href":"https:\/\/www.locoxelrojo.com\/independiente\/wp-json\/wp\/v2\/posts\/120614"}],"collection":[{"href":"https:\/\/www.locoxelrojo.com\/independiente\/wp-json\/wp\/v2\/posts"}],"about":[{"href":"https:\/\/www.locoxelrojo.com\/independiente\/wp-json\/wp\/v2\/types\/post"}],"author":[{"embeddable":true,"href":"https:\/\/www.locoxelrojo.com\/independiente\/wp-json\/wp\/v2\/users\/1"}],"replies":[{"embeddable":true,"href":"https:\/\/www.locoxelrojo.com\/independiente\/wp-json\/wp\/v2\/comments?post=120614"}],"version-history":[{"count":1,"href":"https:\/\/www.locoxelrojo.com\/independiente\/wp-json\/wp\/v2\/posts\/120614\/revisions"}],"predecessor-version":[{"id":120622,"href":"https:\/\/www.locoxelrojo.com\/independiente\/wp-json\/wp\/v2\/posts\/120614\/revisions\/120622"}],"wp:featuredmedia":[{"embeddable":true,"href":"https:\/\/www.locoxelrojo.com\/independiente\/wp-json\/wp\/v2\/media\/120620"}],"wp:attachment":[{"href":"https:\/\/www.locoxelrojo.com\/independiente\/wp-json\/wp\/v2\/media?parent=120614"}],"wp:term":[{"taxonomy":"category","embeddable":true,"href":"https:\/\/www.locoxelrojo.com\/independiente\/wp-json\/wp\/v2\/categories?post=120614"},{"taxonomy":"post_tag","embeddable":true,"href":"https:\/\/www.locoxelrojo.com\/independiente\/wp-json\/wp\/v2\/tags?post=120614"}],"curies":[{"name":"wp","href":"https:\/\/api.w.org\/{rel}","templated":true}]}}