{"id":120626,"date":"2024-08-25T22:00:02","date_gmt":"2024-08-26T01:00:02","guid":{"rendered":"https:\/\/www.locoxelrojo.com\/independiente\/?p=120626"},"modified":"2024-08-26T01:03:00","modified_gmt":"2024-08-26T04:03:00","slug":"vaccari-es-un-partido-atipico-pero-me-quedo-muy-contento-con-la-entrega","status":"publish","type":"post","link":"https:\/\/www.locoxelrojo.com\/independiente\/2024\/08\/25\/vaccari-es-un-partido-atipico-pero-me-quedo-muy-contento-con-la-entrega\/","title":{"rendered":"Vaccari: &#8220;Es un partido at\u00edpico, pero me quedo muy contento con la entrega&#8221;"},"content":{"rendered":"<p><strong>Julio Vaccari<\/strong> habl\u00f3 en conferencia de prensa luego del empate 0-0 frente a Racing por la fecha 12 de la Liga Profesional.<\/p>\n<p>El DT comenz\u00f3 con su an\u00e1lisis del partido y rescat\u00f3 lo positivo de esta jornada: <strong>\u201cEs un partido muy at\u00edpico, muy dif\u00edcil de analizar, con situaciones que realmente variaron el andar del juego y del planteo, pero me quedo muy contento con la entrega de los futbolistas\u201d<\/strong>.<\/p>\n<p>Por otro lado, al ser consultado por cu\u00e1nto val\u00eda el empate por c\u00f3mo se dio, dijo: <strong>&#8220;El valor es un 1 punto, ni m\u00e1s ni menos que eso. A la larga es eso lo que suma en la tabla. Y tambi\u00e9n nos llevamos un par de puntos m\u00e1s que no nos van a contar en la tabla\u201d<\/strong> (por el golpe entre Kevin Lom\u00f3naco e Iv\u00e1n Marcone).<\/p>\n<p>Adem\u00e1s, coment\u00f3: <strong>\u201cAl equipo lo vi bien dentro del campo desde lo f\u00edsico. Me imagino que ma\u00f1ana no se podr\u00e1n mover pero la evaluaci\u00f3n m\u00eda es que con 1 jugador y 2 jugadores menos todos corr\u00edan, todos se esforzaban y pudieron suplir una inferioridad\u201d<\/strong>.<\/p>\n<p>Por \u00faltimo, le dej\u00f3 un mensaje al hincha de Independiente:<strong> \u201cPodremos ganar, empatar o perder pero el coraz\u00f3n lo vamos a dar, vamos a hacer lo mejor que tenemos, a proponer cosas buenas e intentar que sucedan porque las vamos a buscar. Mucho esfuerzo, mucho trabajo y un equipo que pueda competir. Por ah\u00ed no tenemos las luces que el hincha desear\u00eda tener, pero vamos a hacer todo lo posible para representar la instituci\u00f3n\u201d<\/strong>.<\/p>\n","protected":false},"excerpt":{"rendered":"<p>Julio Vaccari habl\u00f3 en conferencia de prensa luego del empate 0-0 frente a Racing por la fecha 12 de la Liga Profesional. El DT comenz\u00f3 con su an\u00e1lisis del partido y rescat\u00f3 lo positivo de esta jornada: \u201cEs un partido muy at\u00edpico, muy dif\u00edcil de analizar, con situaciones que realmente variaron el andar del juego [&hellip;]<\/p>\n","protected":false},"author":101038,"featured_media":120634,"comment_status":"open","ping_status":"closed","sticky":false,"template":"","format":"standard","meta":{"_links_to":"","_links_to_target":""},"categories":[3247,3],"tags":[153,5633,5629,1994],"_links":{"self":[{"href":"https:\/\/www.locoxelrojo.com\/independiente\/wp-json\/wp\/v2\/posts\/120626"}],"collection":[{"href":"https:\/\/www.locoxelrojo.com\/independiente\/wp-json\/wp\/v2\/posts"}],"about":[{"href":"https:\/\/www.locoxelrojo.com\/independiente\/wp-json\/wp\/v2\/types\/post"}],"author":[{"embeddable":true,"href":"https:\/\/www.locoxelrojo.com\/independiente\/wp-json\/wp\/v2\/users\/101038"}],"replies":[{"embeddable":true,"href":"https:\/\/www.locoxelrojo.com\/independiente\/wp-json\/wp\/v2\/comments?post=120626"}],"version-history":[{"count":4,"href":"https:\/\/www.locoxelrojo.com\/independiente\/wp-json\/wp\/v2\/posts\/120626\/revisions"}],"predecessor-version":[{"id":120633,"href":"https:\/\/www.locoxelrojo.com\/independiente\/wp-json\/wp\/v2\/posts\/120626\/revisions\/120633"}],"wp:featuredmedia":[{"embeddable":true,"href":"https:\/\/www.locoxelrojo.com\/independiente\/wp-json\/wp\/v2\/media\/120634"}],"wp:attachment":[{"href":"https:\/\/www.locoxelrojo.com\/independiente\/wp-json\/wp\/v2\/media?parent=120626"}],"wp:term":[{"taxonomy":"category","embeddable":true,"href":"https:\/\/www.locoxelrojo.com\/independiente\/wp-json\/wp\/v2\/categories?post=120626"},{"taxonomy":"post_tag","embeddable":true,"href":"https:\/\/www.locoxelrojo.com\/independiente\/wp-json\/wp\/v2\/tags?post=120626"}],"curies":[{"name":"wp","href":"https:\/\/api.w.org\/{rel}","templated":true}]}}